{"id":2479,"date":"2026-04-01T13:51:04","date_gmt":"2026-04-01T11:51:04","guid":{"rendered":"https:\/\/www.cardinal-creation.com\/at-packaging\/?p=2479"},"modified":"2026-04-01T17:00:02","modified_gmt":"2026-04-01T15:00:02","slug":"at-packaging-group-dans-plastiques-flash","status":"publish","type":"post","link":"https:\/\/www.cardinal-creation.com\/at-packaging\/ils-parlent-de-nous\/nos-partenaires-mediatiques\/at-packaging-group-dans-plastiques-flash\/","title":{"rendered":"AT Packaging Group dans Plastiques Flash"},"content":{"rendered":"<p class=\"cvGsUA direction-ltr align-start para-style-body\"><span class=\"a_GcMg font-feature-liga-off font-feature-clig-off font-feature-calt-off text-decoration-none text-strikethrough-none\">Nous avons accord\u00e9 notre confiance au journal Plastiques Flash pour relayer notre changement d\u2019identit\u00e9 aupr\u00e8s des acteurs du march\u00e9 du plastique. Dans l\u2019\u00e9dition de septembre, vous pourrez d\u00e9couvrir l\u2019interview r\u00e9alis\u00e9e pour<\/span><\/p>\n<p class=\"cvGsUA direction-ltr align-start para-style-body\"><span class=\"a_GcMg font-feature-liga-off font-feature-clig-off font-feature-calt-off text-decoration-none text-strikethrough-none\">AT Packaging Group, dans laquelle nous pr\u00e9cisons notre positionnement en termes d\u2019image et de strat\u00e9gie.<\/span><\/p>\n","protected":false},"excerpt":{"rendered":"<p>Nous avons accord\u00e9 notre confiance au journal Plastiques Flash pour relayer notre changement d\u2019identit\u00e9 aupr\u00e8s des acteurs du march\u00e9 du plastique. Dans l\u2019\u00e9dition de septembre, vous pourrez d\u00e9couvrir l\u2019interview r\u00e9alis\u00e9e pour AT Packaging Group, dans laquelle nous pr\u00e9cisons notre positionnement en termes d\u2019image et de strat\u00e9gie.<\/p>\n","protected":false},"author":1,"featured_media":2474,"comment_status":"closed","ping_status":"closed","sticky":false,"template":"","format":"standard","meta":{"_acf_changed":false,"footnotes":""},"categories":[100023,100030],"tags":[],"class_list":["post-2479","post","type-post","status-publish","format-standard","has-post-thumbnail","hentry","category-ils-parlent-de-nous","category-nos-partenaires-mediatiques"],"acf":[],"yoast_head":"<!-- This site is optimized with the Yoast SEO plugin v27.4 - https:\/\/yoast.com\/product\/yoast-seo-wordpress\/ -->\n<title>AT Packaging Group dans Plastiques Flash - AT Packaging<\/title>\n<meta name=\"robots\" content=\"noindex, follow, max-snippet:-1, max-image-preview:large, max-video-preview:-1\" \/>\n<meta property=\"og:locale\" content=\"fr_FR\" \/>\n<meta property=\"og:type\" content=\"article\" \/>\n<meta property=\"og:title\" content=\"AT Packaging Group dans Plastiques Flash - AT Packaging\" \/>\n<meta property=\"og:description\" content=\"Nous avons accord\u00e9 notre confiance au journal Plastiques Flash pour relayer notre changement d\u2019identit\u00e9 aupr\u00e8s des acteurs du march\u00e9 du plastique. Dans l\u2019\u00e9dition de septembre, vous pourrez d\u00e9couvrir l\u2019interview r\u00e9alis\u00e9e pour AT Packaging Group, dans laquelle nous pr\u00e9cisons notre positionnement en termes d\u2019image et de strat\u00e9gie.\" \/>\n<meta property=\"og:url\" content=\"https:\/\/www.cardinal-creation.com\/at-packaging\/ils-parlent-de-nous\/nos-partenaires-mediatiques\/at-packaging-group-dans-plastiques-flash\/\" \/>\n<meta property=\"og:site_name\" content=\"AT Packaging\" \/>\n<meta property=\"article:published_time\" content=\"2026-04-01T11:51:04+00:00\" \/>\n<meta property=\"article:modified_time\" content=\"2026-04-01T15:00:02+00:00\" \/>\n<meta property=\"og:image\" content=\"https:\/\/www.cardinal-creation.com\/at-packaging\/wp-content\/uploads\/2023\/01\/Plastique-flash.jpg\" \/>\n\t<meta property=\"og:image:width\" content=\"800\" \/>\n\t<meta property=\"og:image:height\" content=\"800\" \/>\n\t<meta property=\"og:image:type\" content=\"image\/jpeg\" \/>\n<meta name=\"author\" content=\"Maxime\" \/>\n<meta name=\"twitter:card\" content=\"summary_large_image\" \/>\n<meta name=\"twitter:label1\" content=\"\u00c9crit par\" \/>\n\t<meta name=\"twitter:data1\" content=\"Maxime\" \/>\n<script type=\"application\/ld+json\" class=\"yoast-schema-graph\">{\"@context\":\"https:\\\/\\\/schema.org\",\"@graph\":[{\"@type\":\"Article\",\"@id\":\"https:\\\/\\\/www.cardinal-creation.com\\\/at-packaging\\\/ils-parlent-de-nous\\\/nos-partenaires-mediatiques\\\/at-packaging-group-dans-plastiques-flash\\\/#article\",\"isPartOf\":{\"@id\":\"https:\\\/\\\/www.cardinal-creation.com\\\/at-packaging\\\/ils-parlent-de-nous\\\/nos-partenaires-mediatiques\\\/at-packaging-group-dans-plastiques-flash\\\/\"},\"author\":{\"name\":\"Maxime\",\"@id\":\"https:\\\/\\\/www.cardinal-creation.com\\\/at-packaging\\\/#\\\/schema\\\/person\\\/1d755e27c1b89640c6f4daaa0ceb66a8\"},\"headline\":\"AT Packaging Group dans Plastiques Flash\",\"datePublished\":\"2026-04-01T11:51:04+00:00\",\"dateModified\":\"2026-04-01T15:00:02+00:00\",\"mainEntityOfPage\":{\"@id\":\"https:\\\/\\\/www.cardinal-creation.com\\\/at-packaging\\\/ils-parlent-de-nous\\\/nos-partenaires-mediatiques\\\/at-packaging-group-dans-plastiques-flash\\\/\"},\"wordCount\":62,\"publisher\":{\"@id\":\"https:\\\/\\\/www.cardinal-creation.com\\\/at-packaging\\\/#organization\"},\"image\":{\"@id\":\"https:\\\/\\\/www.cardinal-creation.com\\\/at-packaging\\\/ils-parlent-de-nous\\\/nos-partenaires-mediatiques\\\/at-packaging-group-dans-plastiques-flash\\\/#primaryimage\"},\"thumbnailUrl\":\"https:\\\/\\\/www.cardinal-creation.com\\\/at-packaging\\\/wp-content\\\/uploads\\\/2023\\\/01\\\/Plastique-flash.jpg\",\"articleSection\":[\"Ils parlent de nous\",\"Nos partenaires m\u00e9diatiques\"],\"inLanguage\":\"fr-FR\"},{\"@type\":\"WebPage\",\"@id\":\"https:\\\/\\\/www.cardinal-creation.com\\\/at-packaging\\\/ils-parlent-de-nous\\\/nos-partenaires-mediatiques\\\/at-packaging-group-dans-plastiques-flash\\\/\",\"url\":\"https:\\\/\\\/www.cardinal-creation.com\\\/at-packaging\\\/ils-parlent-de-nous\\\/nos-partenaires-mediatiques\\\/at-packaging-group-dans-plastiques-flash\\\/\",\"name\":\"AT Packaging Group dans Plastiques Flash - AT Packaging\",\"isPartOf\":{\"@id\":\"https:\\\/\\\/www.cardinal-creation.com\\\/at-packaging\\\/#website\"},\"primaryImageOfPage\":{\"@id\":\"https:\\\/\\\/www.cardinal-creation.com\\\/at-packaging\\\/ils-parlent-de-nous\\\/nos-partenaires-mediatiques\\\/at-packaging-group-dans-plastiques-flash\\\/#primaryimage\"},\"image\":{\"@id\":\"https:\\\/\\\/www.cardinal-creation.com\\\/at-packaging\\\/ils-parlent-de-nous\\\/nos-partenaires-mediatiques\\\/at-packaging-group-dans-plastiques-flash\\\/#primaryimage\"},\"thumbnailUrl\":\"https:\\\/\\\/www.cardinal-creation.com\\\/at-packaging\\\/wp-content\\\/uploads\\\/2023\\\/01\\\/Plastique-flash.jpg\",\"datePublished\":\"2026-04-01T11:51:04+00:00\",\"dateModified\":\"2026-04-01T15:00:02+00:00\",\"breadcrumb\":{\"@id\":\"https:\\\/\\\/www.cardinal-creation.com\\\/at-packaging\\\/ils-parlent-de-nous\\\/nos-partenaires-mediatiques\\\/at-packaging-group-dans-plastiques-flash\\\/#breadcrumb\"},\"inLanguage\":\"fr-FR\",\"potentialAction\":[{\"@type\":\"ReadAction\",\"target\":[\"https:\\\/\\\/www.cardinal-creation.com\\\/at-packaging\\\/ils-parlent-de-nous\\\/nos-partenaires-mediatiques\\\/at-packaging-group-dans-plastiques-flash\\\/\"]}]},{\"@type\":\"ImageObject\",\"inLanguage\":\"fr-FR\",\"@id\":\"https:\\\/\\\/www.cardinal-creation.com\\\/at-packaging\\\/ils-parlent-de-nous\\\/nos-partenaires-mediatiques\\\/at-packaging-group-dans-plastiques-flash\\\/#primaryimage\",\"url\":\"https:\\\/\\\/www.cardinal-creation.com\\\/at-packaging\\\/wp-content\\\/uploads\\\/2023\\\/01\\\/Plastique-flash.jpg\",\"contentUrl\":\"https:\\\/\\\/www.cardinal-creation.com\\\/at-packaging\\\/wp-content\\\/uploads\\\/2023\\\/01\\\/Plastique-flash.jpg\",\"width\":800,\"height\":800},{\"@type\":\"BreadcrumbList\",\"@id\":\"https:\\\/\\\/www.cardinal-creation.com\\\/at-packaging\\\/ils-parlent-de-nous\\\/nos-partenaires-mediatiques\\\/at-packaging-group-dans-plastiques-flash\\\/#breadcrumb\",\"itemListElement\":[{\"@type\":\"ListItem\",\"position\":1,\"name\":\"Accueil\",\"item\":\"https:\\\/\\\/www.cardinal-creation.com\\\/at-packaging\\\/\"},{\"@type\":\"ListItem\",\"position\":2,\"name\":\"Ils parlent de nous\",\"item\":\"https:\\\/\\\/www.cardinal-creation.com\\\/at-packaging\\\/categorie\\\/ils-parlent-de-nous\\\/\"},{\"@type\":\"ListItem\",\"position\":3,\"name\":\"Nos partenaires m\u00e9diatiques\",\"item\":\"https:\\\/\\\/www.cardinal-creation.com\\\/at-packaging\\\/categorie\\\/ils-parlent-de-nous\\\/nos-partenaires-mediatiques\\\/\"},{\"@type\":\"ListItem\",\"position\":4,\"name\":\"AT Packaging Group dans Plastiques Flash\"}]},{\"@type\":\"WebSite\",\"@id\":\"https:\\\/\\\/www.cardinal-creation.com\\\/at-packaging\\\/#website\",\"url\":\"https:\\\/\\\/www.cardinal-creation.com\\\/at-packaging\\\/\",\"name\":\"AT Packaging\",\"description\":\"Fabricant et d\u00e9corateur d&#039;emballages thermoplastiques\",\"publisher\":{\"@id\":\"https:\\\/\\\/www.cardinal-creation.com\\\/at-packaging\\\/#organization\"},\"potentialAction\":[{\"@type\":\"SearchAction\",\"target\":{\"@type\":\"EntryPoint\",\"urlTemplate\":\"https:\\\/\\\/www.cardinal-creation.com\\\/at-packaging\\\/?s={search_term_string}\"},\"query-input\":{\"@type\":\"PropertyValueSpecification\",\"valueRequired\":true,\"valueName\":\"search_term_string\"}}],\"inLanguage\":\"fr-FR\"},{\"@type\":\"Organization\",\"@id\":\"https:\\\/\\\/www.cardinal-creation.com\\\/at-packaging\\\/#organization\",\"name\":\"AT Packaging\",\"url\":\"https:\\\/\\\/www.cardinal-creation.com\\\/at-packaging\\\/\",\"logo\":{\"@type\":\"ImageObject\",\"inLanguage\":\"fr-FR\",\"@id\":\"https:\\\/\\\/www.cardinal-creation.com\\\/at-packaging\\\/#\\\/schema\\\/logo\\\/image\\\/\",\"url\":\"https:\\\/\\\/www.cardinal-creation.com\\\/at-packaging\\\/wp-content\\\/uploads\\\/2023\\\/01\\\/AT-Packaging-logo.svg\",\"contentUrl\":\"https:\\\/\\\/www.cardinal-creation.com\\\/at-packaging\\\/wp-content\\\/uploads\\\/2023\\\/01\\\/AT-Packaging-logo.svg\",\"width\":198,\"height\":42,\"caption\":\"AT Packaging\"},\"image\":{\"@id\":\"https:\\\/\\\/www.cardinal-creation.com\\\/at-packaging\\\/#\\\/schema\\\/logo\\\/image\\\/\"}},{\"@type\":\"Person\",\"@id\":\"https:\\\/\\\/www.cardinal-creation.com\\\/at-packaging\\\/#\\\/schema\\\/person\\\/1d755e27c1b89640c6f4daaa0ceb66a8\",\"name\":\"Maxime\",\"image\":{\"@type\":\"ImageObject\",\"inLanguage\":\"fr-FR\",\"@id\":\"https:\\\/\\\/secure.gravatar.com\\\/avatar\\\/f482fd000d5e5ffba6a207c3381cac19a81cd3d2827662d03d3efec5a46f0a57?s=96&d=mm&r=g\",\"url\":\"https:\\\/\\\/secure.gravatar.com\\\/avatar\\\/f482fd000d5e5ffba6a207c3381cac19a81cd3d2827662d03d3efec5a46f0a57?s=96&d=mm&r=g\",\"contentUrl\":\"https:\\\/\\\/secure.gravatar.com\\\/avatar\\\/f482fd000d5e5ffba6a207c3381cac19a81cd3d2827662d03d3efec5a46f0a57?s=96&d=mm&r=g\",\"caption\":\"Maxime\"},\"sameAs\":[\"https:\\\/\\\/www.cardinal-creation.com\\\/at-packaging\"],\"url\":\"https:\\\/\\\/www.cardinal-creation.com\\\/at-packaging\\\/author\\\/maxime\\\/\"}]}<\/script>\n<!-- \/ Yoast SEO plugin. -->","yoast_head_json":{"title":"AT Packaging Group dans Plastiques Flash - AT Packaging","robots":{"index":"noindex","follow":"follow","max-snippet":"max-snippet:-1","max-image-preview":"max-image-preview:large","max-video-preview":"max-video-preview:-1"},"og_locale":"fr_FR","og_type":"article","og_title":"AT Packaging Group dans Plastiques Flash - AT Packaging","og_description":"Nous avons accord\u00e9 notre confiance au journal Plastiques Flash pour relayer notre changement d\u2019identit\u00e9 aupr\u00e8s des acteurs du march\u00e9 du plastique. Dans l\u2019\u00e9dition de septembre, vous pourrez d\u00e9couvrir l\u2019interview r\u00e9alis\u00e9e pour AT Packaging Group, dans laquelle nous pr\u00e9cisons notre positionnement en termes d\u2019image et de strat\u00e9gie.","og_url":"https:\/\/www.cardinal-creation.com\/at-packaging\/ils-parlent-de-nous\/nos-partenaires-mediatiques\/at-packaging-group-dans-plastiques-flash\/","og_site_name":"AT Packaging","article_published_time":"2026-04-01T11:51:04+00:00","article_modified_time":"2026-04-01T15:00:02+00:00","og_image":[{"width":800,"height":800,"url":"https:\/\/www.cardinal-creation.com\/at-packaging\/wp-content\/uploads\/2023\/01\/Plastique-flash.jpg","type":"image\/jpeg"}],"author":"Maxime","twitter_card":"summary_large_image","twitter_misc":{"\u00c9crit par":"Maxime"},"schema":{"@context":"https:\/\/schema.org","@graph":[{"@type":"Article","@id":"https:\/\/www.cardinal-creation.com\/at-packaging\/ils-parlent-de-nous\/nos-partenaires-mediatiques\/at-packaging-group-dans-plastiques-flash\/#article","isPartOf":{"@id":"https:\/\/www.cardinal-creation.com\/at-packaging\/ils-parlent-de-nous\/nos-partenaires-mediatiques\/at-packaging-group-dans-plastiques-flash\/"},"author":{"name":"Maxime","@id":"https:\/\/www.cardinal-creation.com\/at-packaging\/#\/schema\/person\/1d755e27c1b89640c6f4daaa0ceb66a8"},"headline":"AT Packaging Group dans Plastiques Flash","datePublished":"2026-04-01T11:51:04+00:00","dateModified":"2026-04-01T15:00:02+00:00","mainEntityOfPage":{"@id":"https:\/\/www.cardinal-creation.com\/at-packaging\/ils-parlent-de-nous\/nos-partenaires-mediatiques\/at-packaging-group-dans-plastiques-flash\/"},"wordCount":62,"publisher":{"@id":"https:\/\/www.cardinal-creation.com\/at-packaging\/#organization"},"image":{"@id":"https:\/\/www.cardinal-creation.com\/at-packaging\/ils-parlent-de-nous\/nos-partenaires-mediatiques\/at-packaging-group-dans-plastiques-flash\/#primaryimage"},"thumbnailUrl":"https:\/\/www.cardinal-creation.com\/at-packaging\/wp-content\/uploads\/2023\/01\/Plastique-flash.jpg","articleSection":["Ils parlent de nous","Nos partenaires m\u00e9diatiques"],"inLanguage":"fr-FR"},{"@type":"WebPage","@id":"https:\/\/www.cardinal-creation.com\/at-packaging\/ils-parlent-de-nous\/nos-partenaires-mediatiques\/at-packaging-group-dans-plastiques-flash\/","url":"https:\/\/www.cardinal-creation.com\/at-packaging\/ils-parlent-de-nous\/nos-partenaires-mediatiques\/at-packaging-group-dans-plastiques-flash\/","name":"AT Packaging Group dans Plastiques Flash - AT Packaging","isPartOf":{"@id":"https:\/\/www.cardinal-creation.com\/at-packaging\/#website"},"primaryImageOfPage":{"@id":"https:\/\/www.cardinal-creation.com\/at-packaging\/ils-parlent-de-nous\/nos-partenaires-mediatiques\/at-packaging-group-dans-plastiques-flash\/#primaryimage"},"image":{"@id":"https:\/\/www.cardinal-creation.com\/at-packaging\/ils-parlent-de-nous\/nos-partenaires-mediatiques\/at-packaging-group-dans-plastiques-flash\/#primaryimage"},"thumbnailUrl":"https:\/\/www.cardinal-creation.com\/at-packaging\/wp-content\/uploads\/2023\/01\/Plastique-flash.jpg","datePublished":"2026-04-01T11:51:04+00:00","dateModified":"2026-04-01T15:00:02+00:00","breadcrumb":{"@id":"https:\/\/www.cardinal-creation.com\/at-packaging\/ils-parlent-de-nous\/nos-partenaires-mediatiques\/at-packaging-group-dans-plastiques-flash\/#breadcrumb"},"inLanguage":"fr-FR","potentialAction":[{"@type":"ReadAction","target":["https:\/\/www.cardinal-creation.com\/at-packaging\/ils-parlent-de-nous\/nos-partenaires-mediatiques\/at-packaging-group-dans-plastiques-flash\/"]}]},{"@type":"ImageObject","inLanguage":"fr-FR","@id":"https:\/\/www.cardinal-creation.com\/at-packaging\/ils-parlent-de-nous\/nos-partenaires-mediatiques\/at-packaging-group-dans-plastiques-flash\/#primaryimage","url":"https:\/\/www.cardinal-creation.com\/at-packaging\/wp-content\/uploads\/2023\/01\/Plastique-flash.jpg","contentUrl":"https:\/\/www.cardinal-creation.com\/at-packaging\/wp-content\/uploads\/2023\/01\/Plastique-flash.jpg","width":800,"height":800},{"@type":"BreadcrumbList","@id":"https:\/\/www.cardinal-creation.com\/at-packaging\/ils-parlent-de-nous\/nos-partenaires-mediatiques\/at-packaging-group-dans-plastiques-flash\/#breadcrumb","itemListElement":[{"@type":"ListItem","position":1,"name":"Accueil","item":"https:\/\/www.cardinal-creation.com\/at-packaging\/"},{"@type":"ListItem","position":2,"name":"Ils parlent de nous","item":"https:\/\/www.cardinal-creation.com\/at-packaging\/categorie\/ils-parlent-de-nous\/"},{"@type":"ListItem","position":3,"name":"Nos partenaires m\u00e9diatiques","item":"https:\/\/www.cardinal-creation.com\/at-packaging\/categorie\/ils-parlent-de-nous\/nos-partenaires-mediatiques\/"},{"@type":"ListItem","position":4,"name":"AT Packaging Group dans Plastiques Flash"}]},{"@type":"WebSite","@id":"https:\/\/www.cardinal-creation.com\/at-packaging\/#website","url":"https:\/\/www.cardinal-creation.com\/at-packaging\/","name":"AT Packaging","description":"Fabricant et d\u00e9corateur d&#039;emballages thermoplastiques","publisher":{"@id":"https:\/\/www.cardinal-creation.com\/at-packaging\/#organization"},"potentialAction":[{"@type":"SearchAction","target":{"@type":"EntryPoint","urlTemplate":"https:\/\/www.cardinal-creation.com\/at-packaging\/?s={search_term_string}"},"query-input":{"@type":"PropertyValueSpecification","valueRequired":true,"valueName":"search_term_string"}}],"inLanguage":"fr-FR"},{"@type":"Organization","@id":"https:\/\/www.cardinal-creation.com\/at-packaging\/#organization","name":"AT Packaging","url":"https:\/\/www.cardinal-creation.com\/at-packaging\/","logo":{"@type":"ImageObject","inLanguage":"fr-FR","@id":"https:\/\/www.cardinal-creation.com\/at-packaging\/#\/schema\/logo\/image\/","url":"https:\/\/www.cardinal-creation.com\/at-packaging\/wp-content\/uploads\/2023\/01\/AT-Packaging-logo.svg","contentUrl":"https:\/\/www.cardinal-creation.com\/at-packaging\/wp-content\/uploads\/2023\/01\/AT-Packaging-logo.svg","width":198,"height":42,"caption":"AT Packaging"},"image":{"@id":"https:\/\/www.cardinal-creation.com\/at-packaging\/#\/schema\/logo\/image\/"}},{"@type":"Person","@id":"https:\/\/www.cardinal-creation.com\/at-packaging\/#\/schema\/person\/1d755e27c1b89640c6f4daaa0ceb66a8","name":"Maxime","image":{"@type":"ImageObject","inLanguage":"fr-FR","@id":"https:\/\/secure.gravatar.com\/avatar\/f482fd000d5e5ffba6a207c3381cac19a81cd3d2827662d03d3efec5a46f0a57?s=96&d=mm&r=g","url":"https:\/\/secure.gravatar.com\/avatar\/f482fd000d5e5ffba6a207c3381cac19a81cd3d2827662d03d3efec5a46f0a57?s=96&d=mm&r=g","contentUrl":"https:\/\/secure.gravatar.com\/avatar\/f482fd000d5e5ffba6a207c3381cac19a81cd3d2827662d03d3efec5a46f0a57?s=96&d=mm&r=g","caption":"Maxime"},"sameAs":["https:\/\/www.cardinal-creation.com\/at-packaging"],"url":"https:\/\/www.cardinal-creation.com\/at-packaging\/author\/maxime\/"}]}},"_links":{"self":[{"href":"https:\/\/www.cardinal-creation.com\/at-packaging\/wp-json\/wp\/v2\/posts\/2479","targetHints":{"allow":["GET"]}}],"collection":[{"href":"https:\/\/www.cardinal-creation.com\/at-packaging\/wp-json\/wp\/v2\/posts"}],"about":[{"href":"https:\/\/www.cardinal-creation.com\/at-packaging\/wp-json\/wp\/v2\/types\/post"}],"author":[{"embeddable":true,"href":"https:\/\/www.cardinal-creation.com\/at-packaging\/wp-json\/wp\/v2\/users\/1"}],"replies":[{"embeddable":true,"href":"https:\/\/www.cardinal-creation.com\/at-packaging\/wp-json\/wp\/v2\/comments?post=2479"}],"version-history":[{"count":1,"href":"https:\/\/www.cardinal-creation.com\/at-packaging\/wp-json\/wp\/v2\/posts\/2479\/revisions"}],"predecessor-version":[{"id":2480,"href":"https:\/\/www.cardinal-creation.com\/at-packaging\/wp-json\/wp\/v2\/posts\/2479\/revisions\/2480"}],"wp:featuredmedia":[{"embeddable":true,"href":"https:\/\/www.cardinal-creation.com\/at-packaging\/wp-json\/wp\/v2\/media\/2474"}],"wp:attachment":[{"href":"https:\/\/www.cardinal-creation.com\/at-packaging\/wp-json\/wp\/v2\/media?parent=2479"}],"wp:term":[{"taxonomy":"category","embeddable":true,"href":"https:\/\/www.cardinal-creation.com\/at-packaging\/wp-json\/wp\/v2\/categories?post=2479"},{"taxonomy":"post_tag","embeddable":true,"href":"https:\/\/www.cardinal-creation.com\/at-packaging\/wp-json\/wp\/v2\/tags?post=2479"}],"curies":[{"name":"wp","href":"https:\/\/api.w.org\/{rel}","templated":true}]}}