{"id":2481,"date":"2026-04-01T13:51:29","date_gmt":"2026-04-01T11:51:29","guid":{"rendered":"https:\/\/www.cardinal-creation.com\/at-packaging\/?p=2481"},"modified":"2026-04-01T17:00:02","modified_gmt":"2026-04-01T15:00:02","slug":"at-packaging-group-a-lhonneur-dans-la-voix-de-lain","status":"publish","type":"post","link":"https:\/\/www.cardinal-creation.com\/at-packaging\/ils-parlent-de-nous\/nos-partenaires-mediatiques\/at-packaging-group-a-lhonneur-dans-la-voix-de-lain\/","title":{"rendered":"AT Packaging Group \u00e0 l\u2019honneur dans La Voix de l\u2019Ain"},"content":{"rendered":"<p class=\"cvGsUA direction-ltr align-start para-style-body\"><span class=\"a_GcMg font-feature-liga-off font-feature-clig-off font-feature-calt-off text-decoration-none text-strikethrough-none\">Nous avons choisi de nous appuyer sur La Voix de l\u2019Ain afin de relayer notre changement d\u2019identit\u00e9 \u00e0 l\u2019\u00e9chelle locale. Cette prise de parole s\u2019inscrit dans notre volont\u00e9 de toucher une audience d\u00e9partementale et de renforcer notre visibilit\u00e9 aupr\u00e8s des acteurs du territoire.<\/span><\/p>\n<p class=\"cvGsUA direction-ltr align-start para-style-body\"><span class=\"a_GcMg font-feature-liga-off font-feature-clig-off font-feature-calt-off text-decoration-none text-strikethrough-none\">Dans l\u2019\u00e9dition de septembre, vous pourrez ainsi d\u00e9couvrir l\u2019interview r\u00e9alis\u00e9e pour AT Packaging Group.<\/span><\/p>\n","protected":false},"excerpt":{"rendered":"<p>Nous avons choisi de nous appuyer sur La Voix de l\u2019Ain afin de relayer notre changement d\u2019identit\u00e9 \u00e0 l\u2019\u00e9chelle locale. Cette prise de parole s\u2019inscrit dans notre volont\u00e9 de toucher une audience d\u00e9partementale et de renforcer notre visibilit\u00e9 aupr\u00e8s des acteurs du territoire. Dans l\u2019\u00e9dition de septembre, vous pourrez ainsi d\u00e9couvrir l\u2019interview r\u00e9alis\u00e9e pour AT [&hellip;]<\/p>\n","protected":false},"author":1,"featured_media":2476,"comment_status":"closed","ping_status":"closed","sticky":false,"template":"","format":"standard","meta":{"_acf_changed":false,"footnotes":""},"categories":[100023,100030],"tags":[],"class_list":["post-2481","post","type-post","status-publish","format-standard","has-post-thumbnail","hentry","category-ils-parlent-de-nous","category-nos-partenaires-mediatiques"],"acf":[],"yoast_head":"<!-- This site is optimized with the Yoast SEO plugin v27.4 - https:\/\/yoast.com\/product\/yoast-seo-wordpress\/ -->\n<title>AT Packaging Group \u00e0 l\u2019honneur dans La Voix de l\u2019Ain - AT Packaging<\/title>\n<meta name=\"robots\" content=\"noindex, follow, max-snippet:-1, max-image-preview:large, max-video-preview:-1\" \/>\n<meta property=\"og:locale\" content=\"fr_FR\" \/>\n<meta property=\"og:type\" content=\"article\" \/>\n<meta property=\"og:title\" content=\"AT Packaging Group \u00e0 l\u2019honneur dans La Voix de l\u2019Ain - AT Packaging\" \/>\n<meta property=\"og:description\" content=\"Nous avons choisi de nous appuyer sur La Voix de l\u2019Ain afin de relayer notre changement d\u2019identit\u00e9 \u00e0 l\u2019\u00e9chelle locale. Cette prise de parole s\u2019inscrit dans notre volont\u00e9 de toucher une audience d\u00e9partementale et de renforcer notre visibilit\u00e9 aupr\u00e8s des acteurs du territoire. Dans l\u2019\u00e9dition de septembre, vous pourrez ainsi d\u00e9couvrir l\u2019interview r\u00e9alis\u00e9e pour AT [&hellip;]\" \/>\n<meta property=\"og:url\" content=\"https:\/\/www.cardinal-creation.com\/at-packaging\/ils-parlent-de-nous\/nos-partenaires-mediatiques\/at-packaging-group-a-lhonneur-dans-la-voix-de-lain\/\" \/>\n<meta property=\"og:site_name\" content=\"AT Packaging\" \/>\n<meta property=\"article:published_time\" content=\"2026-04-01T11:51:29+00:00\" \/>\n<meta property=\"article:modified_time\" content=\"2026-04-01T15:00:02+00:00\" \/>\n<meta property=\"og:image\" content=\"https:\/\/www.cardinal-creation.com\/at-packaging\/wp-content\/uploads\/2023\/01\/La-voix-de-lain.jpg\" \/>\n\t<meta property=\"og:image:width\" content=\"800\" \/>\n\t<meta property=\"og:image:height\" content=\"800\" \/>\n\t<meta property=\"og:image:type\" content=\"image\/jpeg\" \/>\n<meta name=\"author\" content=\"Maxime\" \/>\n<meta name=\"twitter:card\" content=\"summary_large_image\" \/>\n<meta name=\"twitter:label1\" content=\"\u00c9crit par\" \/>\n\t<meta name=\"twitter:data1\" content=\"Maxime\" \/>\n<script type=\"application\/ld+json\" class=\"yoast-schema-graph\">{\"@context\":\"https:\\\/\\\/schema.org\",\"@graph\":[{\"@type\":\"Article\",\"@id\":\"https:\\\/\\\/www.cardinal-creation.com\\\/at-packaging\\\/ils-parlent-de-nous\\\/nos-partenaires-mediatiques\\\/at-packaging-group-a-lhonneur-dans-la-voix-de-lain\\\/#article\",\"isPartOf\":{\"@id\":\"https:\\\/\\\/www.cardinal-creation.com\\\/at-packaging\\\/ils-parlent-de-nous\\\/nos-partenaires-mediatiques\\\/at-packaging-group-a-lhonneur-dans-la-voix-de-lain\\\/\"},\"author\":{\"name\":\"Maxime\",\"@id\":\"https:\\\/\\\/www.cardinal-creation.com\\\/at-packaging\\\/#\\\/schema\\\/person\\\/1d755e27c1b89640c6f4daaa0ceb66a8\"},\"headline\":\"AT Packaging Group \u00e0 l\u2019honneur dans La Voix de l\u2019Ain\",\"datePublished\":\"2026-04-01T11:51:29+00:00\",\"dateModified\":\"2026-04-01T15:00:02+00:00\",\"mainEntityOfPage\":{\"@id\":\"https:\\\/\\\/www.cardinal-creation.com\\\/at-packaging\\\/ils-parlent-de-nous\\\/nos-partenaires-mediatiques\\\/at-packaging-group-a-lhonneur-dans-la-voix-de-lain\\\/\"},\"wordCount\":78,\"publisher\":{\"@id\":\"https:\\\/\\\/www.cardinal-creation.com\\\/at-packaging\\\/#organization\"},\"image\":{\"@id\":\"https:\\\/\\\/www.cardinal-creation.com\\\/at-packaging\\\/ils-parlent-de-nous\\\/nos-partenaires-mediatiques\\\/at-packaging-group-a-lhonneur-dans-la-voix-de-lain\\\/#primaryimage\"},\"thumbnailUrl\":\"https:\\\/\\\/www.cardinal-creation.com\\\/at-packaging\\\/wp-content\\\/uploads\\\/2023\\\/01\\\/La-voix-de-lain.jpg\",\"articleSection\":[\"Ils parlent de nous\",\"Nos partenaires m\u00e9diatiques\"],\"inLanguage\":\"fr-FR\"},{\"@type\":\"WebPage\",\"@id\":\"https:\\\/\\\/www.cardinal-creation.com\\\/at-packaging\\\/ils-parlent-de-nous\\\/nos-partenaires-mediatiques\\\/at-packaging-group-a-lhonneur-dans-la-voix-de-lain\\\/\",\"url\":\"https:\\\/\\\/www.cardinal-creation.com\\\/at-packaging\\\/ils-parlent-de-nous\\\/nos-partenaires-mediatiques\\\/at-packaging-group-a-lhonneur-dans-la-voix-de-lain\\\/\",\"name\":\"AT Packaging Group \u00e0 l\u2019honneur dans La Voix de l\u2019Ain - AT Packaging\",\"isPartOf\":{\"@id\":\"https:\\\/\\\/www.cardinal-creation.com\\\/at-packaging\\\/#website\"},\"primaryImageOfPage\":{\"@id\":\"https:\\\/\\\/www.cardinal-creation.com\\\/at-packaging\\\/ils-parlent-de-nous\\\/nos-partenaires-mediatiques\\\/at-packaging-group-a-lhonneur-dans-la-voix-de-lain\\\/#primaryimage\"},\"image\":{\"@id\":\"https:\\\/\\\/www.cardinal-creation.com\\\/at-packaging\\\/ils-parlent-de-nous\\\/nos-partenaires-mediatiques\\\/at-packaging-group-a-lhonneur-dans-la-voix-de-lain\\\/#primaryimage\"},\"thumbnailUrl\":\"https:\\\/\\\/www.cardinal-creation.com\\\/at-packaging\\\/wp-content\\\/uploads\\\/2023\\\/01\\\/La-voix-de-lain.jpg\",\"datePublished\":\"2026-04-01T11:51:29+00:00\",\"dateModified\":\"2026-04-01T15:00:02+00:00\",\"breadcrumb\":{\"@id\":\"https:\\\/\\\/www.cardinal-creation.com\\\/at-packaging\\\/ils-parlent-de-nous\\\/nos-partenaires-mediatiques\\\/at-packaging-group-a-lhonneur-dans-la-voix-de-lain\\\/#breadcrumb\"},\"inLanguage\":\"fr-FR\",\"potentialAction\":[{\"@type\":\"ReadAction\",\"target\":[\"https:\\\/\\\/www.cardinal-creation.com\\\/at-packaging\\\/ils-parlent-de-nous\\\/nos-partenaires-mediatiques\\\/at-packaging-group-a-lhonneur-dans-la-voix-de-lain\\\/\"]}]},{\"@type\":\"ImageObject\",\"inLanguage\":\"fr-FR\",\"@id\":\"https:\\\/\\\/www.cardinal-creation.com\\\/at-packaging\\\/ils-parlent-de-nous\\\/nos-partenaires-mediatiques\\\/at-packaging-group-a-lhonneur-dans-la-voix-de-lain\\\/#primaryimage\",\"url\":\"https:\\\/\\\/www.cardinal-creation.com\\\/at-packaging\\\/wp-content\\\/uploads\\\/2023\\\/01\\\/La-voix-de-lain.jpg\",\"contentUrl\":\"https:\\\/\\\/www.cardinal-creation.com\\\/at-packaging\\\/wp-content\\\/uploads\\\/2023\\\/01\\\/La-voix-de-lain.jpg\",\"width\":800,\"height\":800},{\"@type\":\"BreadcrumbList\",\"@id\":\"https:\\\/\\\/www.cardinal-creation.com\\\/at-packaging\\\/ils-parlent-de-nous\\\/nos-partenaires-mediatiques\\\/at-packaging-group-a-lhonneur-dans-la-voix-de-lain\\\/#breadcrumb\",\"itemListElement\":[{\"@type\":\"ListItem\",\"position\":1,\"name\":\"Accueil\",\"item\":\"https:\\\/\\\/www.cardinal-creation.com\\\/at-packaging\\\/\"},{\"@type\":\"ListItem\",\"position\":2,\"name\":\"Ils parlent de nous\",\"item\":\"https:\\\/\\\/www.cardinal-creation.com\\\/at-packaging\\\/categorie\\\/ils-parlent-de-nous\\\/\"},{\"@type\":\"ListItem\",\"position\":3,\"name\":\"Nos partenaires m\u00e9diatiques\",\"item\":\"https:\\\/\\\/www.cardinal-creation.com\\\/at-packaging\\\/categorie\\\/ils-parlent-de-nous\\\/nos-partenaires-mediatiques\\\/\"},{\"@type\":\"ListItem\",\"position\":4,\"name\":\"AT Packaging Group \u00e0 l\u2019honneur dans La Voix de l\u2019Ain\"}]},{\"@type\":\"WebSite\",\"@id\":\"https:\\\/\\\/www.cardinal-creation.com\\\/at-packaging\\\/#website\",\"url\":\"https:\\\/\\\/www.cardinal-creation.com\\\/at-packaging\\\/\",\"name\":\"AT Packaging\",\"description\":\"Fabricant et d\u00e9corateur d&#039;emballages thermoplastiques\",\"publisher\":{\"@id\":\"https:\\\/\\\/www.cardinal-creation.com\\\/at-packaging\\\/#organization\"},\"potentialAction\":[{\"@type\":\"SearchAction\",\"target\":{\"@type\":\"EntryPoint\",\"urlTemplate\":\"https:\\\/\\\/www.cardinal-creation.com\\\/at-packaging\\\/?s={search_term_string}\"},\"query-input\":{\"@type\":\"PropertyValueSpecification\",\"valueRequired\":true,\"valueName\":\"search_term_string\"}}],\"inLanguage\":\"fr-FR\"},{\"@type\":\"Organization\",\"@id\":\"https:\\\/\\\/www.cardinal-creation.com\\\/at-packaging\\\/#organization\",\"name\":\"AT Packaging\",\"url\":\"https:\\\/\\\/www.cardinal-creation.com\\\/at-packaging\\\/\",\"logo\":{\"@type\":\"ImageObject\",\"inLanguage\":\"fr-FR\",\"@id\":\"https:\\\/\\\/www.cardinal-creation.com\\\/at-packaging\\\/#\\\/schema\\\/logo\\\/image\\\/\",\"url\":\"https:\\\/\\\/www.cardinal-creation.com\\\/at-packaging\\\/wp-content\\\/uploads\\\/2023\\\/01\\\/AT-Packaging-logo.svg\",\"contentUrl\":\"https:\\\/\\\/www.cardinal-creation.com\\\/at-packaging\\\/wp-content\\\/uploads\\\/2023\\\/01\\\/AT-Packaging-logo.svg\",\"width\":198,\"height\":42,\"caption\":\"AT Packaging\"},\"image\":{\"@id\":\"https:\\\/\\\/www.cardinal-creation.com\\\/at-packaging\\\/#\\\/schema\\\/logo\\\/image\\\/\"}},{\"@type\":\"Person\",\"@id\":\"https:\\\/\\\/www.cardinal-creation.com\\\/at-packaging\\\/#\\\/schema\\\/person\\\/1d755e27c1b89640c6f4daaa0ceb66a8\",\"name\":\"Maxime\",\"image\":{\"@type\":\"ImageObject\",\"inLanguage\":\"fr-FR\",\"@id\":\"https:\\\/\\\/secure.gravatar.com\\\/avatar\\\/f482fd000d5e5ffba6a207c3381cac19a81cd3d2827662d03d3efec5a46f0a57?s=96&d=mm&r=g\",\"url\":\"https:\\\/\\\/secure.gravatar.com\\\/avatar\\\/f482fd000d5e5ffba6a207c3381cac19a81cd3d2827662d03d3efec5a46f0a57?s=96&d=mm&r=g\",\"contentUrl\":\"https:\\\/\\\/secure.gravatar.com\\\/avatar\\\/f482fd000d5e5ffba6a207c3381cac19a81cd3d2827662d03d3efec5a46f0a57?s=96&d=mm&r=g\",\"caption\":\"Maxime\"},\"sameAs\":[\"https:\\\/\\\/www.cardinal-creation.com\\\/at-packaging\"],\"url\":\"https:\\\/\\\/www.cardinal-creation.com\\\/at-packaging\\\/author\\\/maxime\\\/\"}]}<\/script>\n<!-- \/ Yoast SEO plugin. -->","yoast_head_json":{"title":"AT Packaging Group \u00e0 l\u2019honneur dans La Voix de l\u2019Ain - AT Packaging","robots":{"index":"noindex","follow":"follow","max-snippet":"max-snippet:-1","max-image-preview":"max-image-preview:large","max-video-preview":"max-video-preview:-1"},"og_locale":"fr_FR","og_type":"article","og_title":"AT Packaging Group \u00e0 l\u2019honneur dans La Voix de l\u2019Ain - AT Packaging","og_description":"Nous avons choisi de nous appuyer sur La Voix de l\u2019Ain afin de relayer notre changement d\u2019identit\u00e9 \u00e0 l\u2019\u00e9chelle locale. Cette prise de parole s\u2019inscrit dans notre volont\u00e9 de toucher une audience d\u00e9partementale et de renforcer notre visibilit\u00e9 aupr\u00e8s des acteurs du territoire. Dans l\u2019\u00e9dition de septembre, vous pourrez ainsi d\u00e9couvrir l\u2019interview r\u00e9alis\u00e9e pour AT [&hellip;]","og_url":"https:\/\/www.cardinal-creation.com\/at-packaging\/ils-parlent-de-nous\/nos-partenaires-mediatiques\/at-packaging-group-a-lhonneur-dans-la-voix-de-lain\/","og_site_name":"AT Packaging","article_published_time":"2026-04-01T11:51:29+00:00","article_modified_time":"2026-04-01T15:00:02+00:00","og_image":[{"width":800,"height":800,"url":"https:\/\/www.cardinal-creation.com\/at-packaging\/wp-content\/uploads\/2023\/01\/La-voix-de-lain.jpg","type":"image\/jpeg"}],"author":"Maxime","twitter_card":"summary_large_image","twitter_misc":{"\u00c9crit par":"Maxime"},"schema":{"@context":"https:\/\/schema.org","@graph":[{"@type":"Article","@id":"https:\/\/www.cardinal-creation.com\/at-packaging\/ils-parlent-de-nous\/nos-partenaires-mediatiques\/at-packaging-group-a-lhonneur-dans-la-voix-de-lain\/#article","isPartOf":{"@id":"https:\/\/www.cardinal-creation.com\/at-packaging\/ils-parlent-de-nous\/nos-partenaires-mediatiques\/at-packaging-group-a-lhonneur-dans-la-voix-de-lain\/"},"author":{"name":"Maxime","@id":"https:\/\/www.cardinal-creation.com\/at-packaging\/#\/schema\/person\/1d755e27c1b89640c6f4daaa0ceb66a8"},"headline":"AT Packaging Group \u00e0 l\u2019honneur dans La Voix de l\u2019Ain","datePublished":"2026-04-01T11:51:29+00:00","dateModified":"2026-04-01T15:00:02+00:00","mainEntityOfPage":{"@id":"https:\/\/www.cardinal-creation.com\/at-packaging\/ils-parlent-de-nous\/nos-partenaires-mediatiques\/at-packaging-group-a-lhonneur-dans-la-voix-de-lain\/"},"wordCount":78,"publisher":{"@id":"https:\/\/www.cardinal-creation.com\/at-packaging\/#organization"},"image":{"@id":"https:\/\/www.cardinal-creation.com\/at-packaging\/ils-parlent-de-nous\/nos-partenaires-mediatiques\/at-packaging-group-a-lhonneur-dans-la-voix-de-lain\/#primaryimage"},"thumbnailUrl":"https:\/\/www.cardinal-creation.com\/at-packaging\/wp-content\/uploads\/2023\/01\/La-voix-de-lain.jpg","articleSection":["Ils parlent de nous","Nos partenaires m\u00e9diatiques"],"inLanguage":"fr-FR"},{"@type":"WebPage","@id":"https:\/\/www.cardinal-creation.com\/at-packaging\/ils-parlent-de-nous\/nos-partenaires-mediatiques\/at-packaging-group-a-lhonneur-dans-la-voix-de-lain\/","url":"https:\/\/www.cardinal-creation.com\/at-packaging\/ils-parlent-de-nous\/nos-partenaires-mediatiques\/at-packaging-group-a-lhonneur-dans-la-voix-de-lain\/","name":"AT Packaging Group \u00e0 l\u2019honneur dans La Voix de l\u2019Ain - AT Packaging","isPartOf":{"@id":"https:\/\/www.cardinal-creation.com\/at-packaging\/#website"},"primaryImageOfPage":{"@id":"https:\/\/www.cardinal-creation.com\/at-packaging\/ils-parlent-de-nous\/nos-partenaires-mediatiques\/at-packaging-group-a-lhonneur-dans-la-voix-de-lain\/#primaryimage"},"image":{"@id":"https:\/\/www.cardinal-creation.com\/at-packaging\/ils-parlent-de-nous\/nos-partenaires-mediatiques\/at-packaging-group-a-lhonneur-dans-la-voix-de-lain\/#primaryimage"},"thumbnailUrl":"https:\/\/www.cardinal-creation.com\/at-packaging\/wp-content\/uploads\/2023\/01\/La-voix-de-lain.jpg","datePublished":"2026-04-01T11:51:29+00:00","dateModified":"2026-04-01T15:00:02+00:00","breadcrumb":{"@id":"https:\/\/www.cardinal-creation.com\/at-packaging\/ils-parlent-de-nous\/nos-partenaires-mediatiques\/at-packaging-group-a-lhonneur-dans-la-voix-de-lain\/#breadcrumb"},"inLanguage":"fr-FR","potentialAction":[{"@type":"ReadAction","target":["https:\/\/www.cardinal-creation.com\/at-packaging\/ils-parlent-de-nous\/nos-partenaires-mediatiques\/at-packaging-group-a-lhonneur-dans-la-voix-de-lain\/"]}]},{"@type":"ImageObject","inLanguage":"fr-FR","@id":"https:\/\/www.cardinal-creation.com\/at-packaging\/ils-parlent-de-nous\/nos-partenaires-mediatiques\/at-packaging-group-a-lhonneur-dans-la-voix-de-lain\/#primaryimage","url":"https:\/\/www.cardinal-creation.com\/at-packaging\/wp-content\/uploads\/2023\/01\/La-voix-de-lain.jpg","contentUrl":"https:\/\/www.cardinal-creation.com\/at-packaging\/wp-content\/uploads\/2023\/01\/La-voix-de-lain.jpg","width":800,"height":800},{"@type":"BreadcrumbList","@id":"https:\/\/www.cardinal-creation.com\/at-packaging\/ils-parlent-de-nous\/nos-partenaires-mediatiques\/at-packaging-group-a-lhonneur-dans-la-voix-de-lain\/#breadcrumb","itemListElement":[{"@type":"ListItem","position":1,"name":"Accueil","item":"https:\/\/www.cardinal-creation.com\/at-packaging\/"},{"@type":"ListItem","position":2,"name":"Ils parlent de nous","item":"https:\/\/www.cardinal-creation.com\/at-packaging\/categorie\/ils-parlent-de-nous\/"},{"@type":"ListItem","position":3,"name":"Nos partenaires m\u00e9diatiques","item":"https:\/\/www.cardinal-creation.com\/at-packaging\/categorie\/ils-parlent-de-nous\/nos-partenaires-mediatiques\/"},{"@type":"ListItem","position":4,"name":"AT Packaging Group \u00e0 l\u2019honneur dans La Voix de l\u2019Ain"}]},{"@type":"WebSite","@id":"https:\/\/www.cardinal-creation.com\/at-packaging\/#website","url":"https:\/\/www.cardinal-creation.com\/at-packaging\/","name":"AT Packaging","description":"Fabricant et d\u00e9corateur d&#039;emballages thermoplastiques","publisher":{"@id":"https:\/\/www.cardinal-creation.com\/at-packaging\/#organization"},"potentialAction":[{"@type":"SearchAction","target":{"@type":"EntryPoint","urlTemplate":"https:\/\/www.cardinal-creation.com\/at-packaging\/?s={search_term_string}"},"query-input":{"@type":"PropertyValueSpecification","valueRequired":true,"valueName":"search_term_string"}}],"inLanguage":"fr-FR"},{"@type":"Organization","@id":"https:\/\/www.cardinal-creation.com\/at-packaging\/#organization","name":"AT Packaging","url":"https:\/\/www.cardinal-creation.com\/at-packaging\/","logo":{"@type":"ImageObject","inLanguage":"fr-FR","@id":"https:\/\/www.cardinal-creation.com\/at-packaging\/#\/schema\/logo\/image\/","url":"https:\/\/www.cardinal-creation.com\/at-packaging\/wp-content\/uploads\/2023\/01\/AT-Packaging-logo.svg","contentUrl":"https:\/\/www.cardinal-creation.com\/at-packaging\/wp-content\/uploads\/2023\/01\/AT-Packaging-logo.svg","width":198,"height":42,"caption":"AT Packaging"},"image":{"@id":"https:\/\/www.cardinal-creation.com\/at-packaging\/#\/schema\/logo\/image\/"}},{"@type":"Person","@id":"https:\/\/www.cardinal-creation.com\/at-packaging\/#\/schema\/person\/1d755e27c1b89640c6f4daaa0ceb66a8","name":"Maxime","image":{"@type":"ImageObject","inLanguage":"fr-FR","@id":"https:\/\/secure.gravatar.com\/avatar\/f482fd000d5e5ffba6a207c3381cac19a81cd3d2827662d03d3efec5a46f0a57?s=96&d=mm&r=g","url":"https:\/\/secure.gravatar.com\/avatar\/f482fd000d5e5ffba6a207c3381cac19a81cd3d2827662d03d3efec5a46f0a57?s=96&d=mm&r=g","contentUrl":"https:\/\/secure.gravatar.com\/avatar\/f482fd000d5e5ffba6a207c3381cac19a81cd3d2827662d03d3efec5a46f0a57?s=96&d=mm&r=g","caption":"Maxime"},"sameAs":["https:\/\/www.cardinal-creation.com\/at-packaging"],"url":"https:\/\/www.cardinal-creation.com\/at-packaging\/author\/maxime\/"}]}},"_links":{"self":[{"href":"https:\/\/www.cardinal-creation.com\/at-packaging\/wp-json\/wp\/v2\/posts\/2481","targetHints":{"allow":["GET"]}}],"collection":[{"href":"https:\/\/www.cardinal-creation.com\/at-packaging\/wp-json\/wp\/v2\/posts"}],"about":[{"href":"https:\/\/www.cardinal-creation.com\/at-packaging\/wp-json\/wp\/v2\/types\/post"}],"author":[{"embeddable":true,"href":"https:\/\/www.cardinal-creation.com\/at-packaging\/wp-json\/wp\/v2\/users\/1"}],"replies":[{"embeddable":true,"href":"https:\/\/www.cardinal-creation.com\/at-packaging\/wp-json\/wp\/v2\/comments?post=2481"}],"version-history":[{"count":1,"href":"https:\/\/www.cardinal-creation.com\/at-packaging\/wp-json\/wp\/v2\/posts\/2481\/revisions"}],"predecessor-version":[{"id":2482,"href":"https:\/\/www.cardinal-creation.com\/at-packaging\/wp-json\/wp\/v2\/posts\/2481\/revisions\/2482"}],"wp:featuredmedia":[{"embeddable":true,"href":"https:\/\/www.cardinal-creation.com\/at-packaging\/wp-json\/wp\/v2\/media\/2476"}],"wp:attachment":[{"href":"https:\/\/www.cardinal-creation.com\/at-packaging\/wp-json\/wp\/v2\/media?parent=2481"}],"wp:term":[{"taxonomy":"category","embeddable":true,"href":"https:\/\/www.cardinal-creation.com\/at-packaging\/wp-json\/wp\/v2\/categories?post=2481"},{"taxonomy":"post_tag","embeddable":true,"href":"https:\/\/www.cardinal-creation.com\/at-packaging\/wp-json\/wp\/v2\/tags?post=2481"}],"curies":[{"name":"wp","href":"https:\/\/api.w.org\/{rel}","templated":true}]}}