{"id":2486,"date":"2026-04-01T13:54:38","date_gmt":"2026-04-01T11:54:38","guid":{"rendered":"https:\/\/www.cardinal-creation.com\/at-packaging\/?p=2486"},"modified":"2026-04-01T16:59:48","modified_gmt":"2026-04-01T14:59:48","slug":"revitalsummer-prime-aux-cosmoprof-awards-2024","status":"publish","type":"post","link":"https:\/\/www.cardinal-creation.com\/at-packaging\/ils-parlent-de-nous\/nos-produits-primes\/revitalsummer-prime-aux-cosmoprof-awards-2024\/","title":{"rendered":"RevitalSummer prim\u00e9 aux Cosmoprof Awards 2024"},"content":{"rendered":"<p class=\"cvGsUA direction-ltr align-start para-style-body\"><strong><span class=\"a_GcMg font-feature-liga-off font-feature-clig-off font-feature-calt-off text-decoration-none text-strikethrough-none\">Nous tenons \u00e0 f\u00e9liciter chaleureusement notre client pour sa victoire au Cosmoprof Awards 2024 gr\u00e2ce \u00e0 son produit r\u00e9volutionnaire, RevitalSummer.<\/span><\/strong><\/p>\n<p class=\"cvGsUA direction-ltr align-start para-style-body\"><span class=\"a_GcMg font-feature-liga-off font-feature-clig-off font-feature-calt-off text-decoration-none text-strikethrough-none\">Son succ\u00e8s est une v\u00e9ritable reconnaissance d\u2019innovation et d\u2019excellence. Nous sommes fiers de l\u2019avoir accompagn\u00e9 dans cette aventure et de voir notre packaging contribuer \u00e0 cette prestigieuse distinction.<\/span><\/p>\n<p class=\"cvGsUA direction-ltr align-start para-style-body\"><span class=\"a_GcMg font-feature-liga-off font-feature-clig-off font-feature-calt-off text-decoration-none text-strikethrough-none\">Bravo pour cette r\u00e9alisation exceptionnelle !<\/span><\/p>\n","protected":false},"excerpt":{"rendered":"<p>Nous tenons \u00e0 f\u00e9liciter chaleureusement notre client pour sa victoire au Cosmoprof Awards 2024 gr\u00e2ce \u00e0 son produit r\u00e9volutionnaire, RevitalSummer. Son succ\u00e8s est une v\u00e9ritable reconnaissance d\u2019innovation et d\u2019excellence. Nous sommes fiers de l\u2019avoir accompagn\u00e9 dans cette aventure et de voir notre packaging contribuer \u00e0 cette prestigieuse distinction. Bravo pour cette r\u00e9alisation exceptionnelle !<\/p>\n","protected":false},"author":1,"featured_media":2493,"comment_status":"closed","ping_status":"closed","sticky":false,"template":"","format":"standard","meta":{"_acf_changed":false,"footnotes":""},"categories":[100023,100031],"tags":[],"class_list":["post-2486","post","type-post","status-publish","format-standard","has-post-thumbnail","hentry","category-ils-parlent-de-nous","category-nos-produits-primes"],"acf":[],"yoast_head":"<!-- This site is optimized with the Yoast SEO plugin v27.4 - https:\/\/yoast.com\/product\/yoast-seo-wordpress\/ -->\n<title>RevitalSummer prim\u00e9 aux Cosmoprof Awards 2024 - AT Packaging<\/title>\n<meta name=\"robots\" content=\"noindex, follow, max-snippet:-1, max-image-preview:large, max-video-preview:-1\" \/>\n<meta property=\"og:locale\" content=\"fr_FR\" \/>\n<meta property=\"og:type\" content=\"article\" \/>\n<meta property=\"og:title\" content=\"RevitalSummer prim\u00e9 aux Cosmoprof Awards 2024 - AT Packaging\" \/>\n<meta property=\"og:description\" content=\"Nous tenons \u00e0 f\u00e9liciter chaleureusement notre client pour sa victoire au Cosmoprof Awards 2024 gr\u00e2ce \u00e0 son produit r\u00e9volutionnaire, RevitalSummer. Son succ\u00e8s est une v\u00e9ritable reconnaissance d\u2019innovation et d\u2019excellence. Nous sommes fiers de l\u2019avoir accompagn\u00e9 dans cette aventure et de voir notre packaging contribuer \u00e0 cette prestigieuse distinction. Bravo pour cette r\u00e9alisation exceptionnelle !\" \/>\n<meta property=\"og:url\" content=\"https:\/\/www.cardinal-creation.com\/at-packaging\/ils-parlent-de-nous\/nos-produits-primes\/revitalsummer-prime-aux-cosmoprof-awards-2024\/\" \/>\n<meta property=\"og:site_name\" content=\"AT Packaging\" \/>\n<meta property=\"article:published_time\" content=\"2026-04-01T11:54:38+00:00\" \/>\n<meta property=\"article:modified_time\" content=\"2026-04-01T14:59:48+00:00\" \/>\n<meta property=\"og:image\" content=\"https:\/\/www.cardinal-creation.com\/at-packaging\/wp-content\/uploads\/2026\/04\/Ariane.jpeg\" \/>\n\t<meta property=\"og:image:width\" content=\"1165\" \/>\n\t<meta property=\"og:image:height\" content=\"1405\" \/>\n\t<meta property=\"og:image:type\" content=\"image\/jpeg\" \/>\n<meta name=\"author\" content=\"Maxime\" \/>\n<meta name=\"twitter:card\" content=\"summary_large_image\" \/>\n<meta name=\"twitter:label1\" content=\"\u00c9crit par\" \/>\n\t<meta name=\"twitter:data1\" content=\"Maxime\" \/>\n<script type=\"application\/ld+json\" class=\"yoast-schema-graph\">{\"@context\":\"https:\\\/\\\/schema.org\",\"@graph\":[{\"@type\":\"Article\",\"@id\":\"https:\\\/\\\/www.cardinal-creation.com\\\/at-packaging\\\/ils-parlent-de-nous\\\/nos-produits-primes\\\/revitalsummer-prime-aux-cosmoprof-awards-2024\\\/#article\",\"isPartOf\":{\"@id\":\"https:\\\/\\\/www.cardinal-creation.com\\\/at-packaging\\\/ils-parlent-de-nous\\\/nos-produits-primes\\\/revitalsummer-prime-aux-cosmoprof-awards-2024\\\/\"},\"author\":{\"name\":\"Maxime\",\"@id\":\"https:\\\/\\\/www.cardinal-creation.com\\\/at-packaging\\\/#\\\/schema\\\/person\\\/1d755e27c1b89640c6f4daaa0ceb66a8\"},\"headline\":\"RevitalSummer prim\u00e9 aux Cosmoprof Awards 2024\",\"datePublished\":\"2026-04-01T11:54:38+00:00\",\"dateModified\":\"2026-04-01T14:59:48+00:00\",\"mainEntityOfPage\":{\"@id\":\"https:\\\/\\\/www.cardinal-creation.com\\\/at-packaging\\\/ils-parlent-de-nous\\\/nos-produits-primes\\\/revitalsummer-prime-aux-cosmoprof-awards-2024\\\/\"},\"wordCount\":63,\"publisher\":{\"@id\":\"https:\\\/\\\/www.cardinal-creation.com\\\/at-packaging\\\/#organization\"},\"image\":{\"@id\":\"https:\\\/\\\/www.cardinal-creation.com\\\/at-packaging\\\/ils-parlent-de-nous\\\/nos-produits-primes\\\/revitalsummer-prime-aux-cosmoprof-awards-2024\\\/#primaryimage\"},\"thumbnailUrl\":\"https:\\\/\\\/www.cardinal-creation.com\\\/at-packaging\\\/wp-content\\\/uploads\\\/2026\\\/04\\\/Ariane.jpeg\",\"articleSection\":[\"Ils parlent de nous\",\"Nos produits prim\u00e9s\"],\"inLanguage\":\"fr-FR\"},{\"@type\":\"WebPage\",\"@id\":\"https:\\\/\\\/www.cardinal-creation.com\\\/at-packaging\\\/ils-parlent-de-nous\\\/nos-produits-primes\\\/revitalsummer-prime-aux-cosmoprof-awards-2024\\\/\",\"url\":\"https:\\\/\\\/www.cardinal-creation.com\\\/at-packaging\\\/ils-parlent-de-nous\\\/nos-produits-primes\\\/revitalsummer-prime-aux-cosmoprof-awards-2024\\\/\",\"name\":\"RevitalSummer prim\u00e9 aux Cosmoprof Awards 2024 - AT Packaging\",\"isPartOf\":{\"@id\":\"https:\\\/\\\/www.cardinal-creation.com\\\/at-packaging\\\/#website\"},\"primaryImageOfPage\":{\"@id\":\"https:\\\/\\\/www.cardinal-creation.com\\\/at-packaging\\\/ils-parlent-de-nous\\\/nos-produits-primes\\\/revitalsummer-prime-aux-cosmoprof-awards-2024\\\/#primaryimage\"},\"image\":{\"@id\":\"https:\\\/\\\/www.cardinal-creation.com\\\/at-packaging\\\/ils-parlent-de-nous\\\/nos-produits-primes\\\/revitalsummer-prime-aux-cosmoprof-awards-2024\\\/#primaryimage\"},\"thumbnailUrl\":\"https:\\\/\\\/www.cardinal-creation.com\\\/at-packaging\\\/wp-content\\\/uploads\\\/2026\\\/04\\\/Ariane.jpeg\",\"datePublished\":\"2026-04-01T11:54:38+00:00\",\"dateModified\":\"2026-04-01T14:59:48+00:00\",\"breadcrumb\":{\"@id\":\"https:\\\/\\\/www.cardinal-creation.com\\\/at-packaging\\\/ils-parlent-de-nous\\\/nos-produits-primes\\\/revitalsummer-prime-aux-cosmoprof-awards-2024\\\/#breadcrumb\"},\"inLanguage\":\"fr-FR\",\"potentialAction\":[{\"@type\":\"ReadAction\",\"target\":[\"https:\\\/\\\/www.cardinal-creation.com\\\/at-packaging\\\/ils-parlent-de-nous\\\/nos-produits-primes\\\/revitalsummer-prime-aux-cosmoprof-awards-2024\\\/\"]}]},{\"@type\":\"ImageObject\",\"inLanguage\":\"fr-FR\",\"@id\":\"https:\\\/\\\/www.cardinal-creation.com\\\/at-packaging\\\/ils-parlent-de-nous\\\/nos-produits-primes\\\/revitalsummer-prime-aux-cosmoprof-awards-2024\\\/#primaryimage\",\"url\":\"https:\\\/\\\/www.cardinal-creation.com\\\/at-packaging\\\/wp-content\\\/uploads\\\/2026\\\/04\\\/Ariane.jpeg\",\"contentUrl\":\"https:\\\/\\\/www.cardinal-creation.com\\\/at-packaging\\\/wp-content\\\/uploads\\\/2026\\\/04\\\/Ariane.jpeg\",\"width\":1165,\"height\":1405},{\"@type\":\"BreadcrumbList\",\"@id\":\"https:\\\/\\\/www.cardinal-creation.com\\\/at-packaging\\\/ils-parlent-de-nous\\\/nos-produits-primes\\\/revitalsummer-prime-aux-cosmoprof-awards-2024\\\/#breadcrumb\",\"itemListElement\":[{\"@type\":\"ListItem\",\"position\":1,\"name\":\"Accueil\",\"item\":\"https:\\\/\\\/www.cardinal-creation.com\\\/at-packaging\\\/\"},{\"@type\":\"ListItem\",\"position\":2,\"name\":\"Ils parlent de nous\",\"item\":\"https:\\\/\\\/www.cardinal-creation.com\\\/at-packaging\\\/categorie\\\/ils-parlent-de-nous\\\/\"},{\"@type\":\"ListItem\",\"position\":3,\"name\":\"Nos produits prim\u00e9s\",\"item\":\"https:\\\/\\\/www.cardinal-creation.com\\\/at-packaging\\\/categorie\\\/ils-parlent-de-nous\\\/nos-produits-primes\\\/\"},{\"@type\":\"ListItem\",\"position\":4,\"name\":\"RevitalSummer prim\u00e9 aux Cosmoprof Awards 2024\"}]},{\"@type\":\"WebSite\",\"@id\":\"https:\\\/\\\/www.cardinal-creation.com\\\/at-packaging\\\/#website\",\"url\":\"https:\\\/\\\/www.cardinal-creation.com\\\/at-packaging\\\/\",\"name\":\"AT Packaging\",\"description\":\"Fabricant et d\u00e9corateur d&#039;emballages thermoplastiques\",\"publisher\":{\"@id\":\"https:\\\/\\\/www.cardinal-creation.com\\\/at-packaging\\\/#organization\"},\"potentialAction\":[{\"@type\":\"SearchAction\",\"target\":{\"@type\":\"EntryPoint\",\"urlTemplate\":\"https:\\\/\\\/www.cardinal-creation.com\\\/at-packaging\\\/?s={search_term_string}\"},\"query-input\":{\"@type\":\"PropertyValueSpecification\",\"valueRequired\":true,\"valueName\":\"search_term_string\"}}],\"inLanguage\":\"fr-FR\"},{\"@type\":\"Organization\",\"@id\":\"https:\\\/\\\/www.cardinal-creation.com\\\/at-packaging\\\/#organization\",\"name\":\"AT Packaging\",\"url\":\"https:\\\/\\\/www.cardinal-creation.com\\\/at-packaging\\\/\",\"logo\":{\"@type\":\"ImageObject\",\"inLanguage\":\"fr-FR\",\"@id\":\"https:\\\/\\\/www.cardinal-creation.com\\\/at-packaging\\\/#\\\/schema\\\/logo\\\/image\\\/\",\"url\":\"https:\\\/\\\/www.cardinal-creation.com\\\/at-packaging\\\/wp-content\\\/uploads\\\/2023\\\/01\\\/AT-Packaging-logo.svg\",\"contentUrl\":\"https:\\\/\\\/www.cardinal-creation.com\\\/at-packaging\\\/wp-content\\\/uploads\\\/2023\\\/01\\\/AT-Packaging-logo.svg\",\"width\":198,\"height\":42,\"caption\":\"AT Packaging\"},\"image\":{\"@id\":\"https:\\\/\\\/www.cardinal-creation.com\\\/at-packaging\\\/#\\\/schema\\\/logo\\\/image\\\/\"}},{\"@type\":\"Person\",\"@id\":\"https:\\\/\\\/www.cardinal-creation.com\\\/at-packaging\\\/#\\\/schema\\\/person\\\/1d755e27c1b89640c6f4daaa0ceb66a8\",\"name\":\"Maxime\",\"image\":{\"@type\":\"ImageObject\",\"inLanguage\":\"fr-FR\",\"@id\":\"https:\\\/\\\/secure.gravatar.com\\\/avatar\\\/f482fd000d5e5ffba6a207c3381cac19a81cd3d2827662d03d3efec5a46f0a57?s=96&d=mm&r=g\",\"url\":\"https:\\\/\\\/secure.gravatar.com\\\/avatar\\\/f482fd000d5e5ffba6a207c3381cac19a81cd3d2827662d03d3efec5a46f0a57?s=96&d=mm&r=g\",\"contentUrl\":\"https:\\\/\\\/secure.gravatar.com\\\/avatar\\\/f482fd000d5e5ffba6a207c3381cac19a81cd3d2827662d03d3efec5a46f0a57?s=96&d=mm&r=g\",\"caption\":\"Maxime\"},\"sameAs\":[\"https:\\\/\\\/www.cardinal-creation.com\\\/at-packaging\"],\"url\":\"https:\\\/\\\/www.cardinal-creation.com\\\/at-packaging\\\/author\\\/maxime\\\/\"}]}<\/script>\n<!-- \/ Yoast SEO plugin. -->","yoast_head_json":{"title":"RevitalSummer prim\u00e9 aux Cosmoprof Awards 2024 - AT Packaging","robots":{"index":"noindex","follow":"follow","max-snippet":"max-snippet:-1","max-image-preview":"max-image-preview:large","max-video-preview":"max-video-preview:-1"},"og_locale":"fr_FR","og_type":"article","og_title":"RevitalSummer prim\u00e9 aux Cosmoprof Awards 2024 - AT Packaging","og_description":"Nous tenons \u00e0 f\u00e9liciter chaleureusement notre client pour sa victoire au Cosmoprof Awards 2024 gr\u00e2ce \u00e0 son produit r\u00e9volutionnaire, RevitalSummer. Son succ\u00e8s est une v\u00e9ritable reconnaissance d\u2019innovation et d\u2019excellence. Nous sommes fiers de l\u2019avoir accompagn\u00e9 dans cette aventure et de voir notre packaging contribuer \u00e0 cette prestigieuse distinction. Bravo pour cette r\u00e9alisation exceptionnelle !","og_url":"https:\/\/www.cardinal-creation.com\/at-packaging\/ils-parlent-de-nous\/nos-produits-primes\/revitalsummer-prime-aux-cosmoprof-awards-2024\/","og_site_name":"AT Packaging","article_published_time":"2026-04-01T11:54:38+00:00","article_modified_time":"2026-04-01T14:59:48+00:00","og_image":[{"width":1165,"height":1405,"url":"https:\/\/www.cardinal-creation.com\/at-packaging\/wp-content\/uploads\/2026\/04\/Ariane.jpeg","type":"image\/jpeg"}],"author":"Maxime","twitter_card":"summary_large_image","twitter_misc":{"\u00c9crit par":"Maxime"},"schema":{"@context":"https:\/\/schema.org","@graph":[{"@type":"Article","@id":"https:\/\/www.cardinal-creation.com\/at-packaging\/ils-parlent-de-nous\/nos-produits-primes\/revitalsummer-prime-aux-cosmoprof-awards-2024\/#article","isPartOf":{"@id":"https:\/\/www.cardinal-creation.com\/at-packaging\/ils-parlent-de-nous\/nos-produits-primes\/revitalsummer-prime-aux-cosmoprof-awards-2024\/"},"author":{"name":"Maxime","@id":"https:\/\/www.cardinal-creation.com\/at-packaging\/#\/schema\/person\/1d755e27c1b89640c6f4daaa0ceb66a8"},"headline":"RevitalSummer prim\u00e9 aux Cosmoprof Awards 2024","datePublished":"2026-04-01T11:54:38+00:00","dateModified":"2026-04-01T14:59:48+00:00","mainEntityOfPage":{"@id":"https:\/\/www.cardinal-creation.com\/at-packaging\/ils-parlent-de-nous\/nos-produits-primes\/revitalsummer-prime-aux-cosmoprof-awards-2024\/"},"wordCount":63,"publisher":{"@id":"https:\/\/www.cardinal-creation.com\/at-packaging\/#organization"},"image":{"@id":"https:\/\/www.cardinal-creation.com\/at-packaging\/ils-parlent-de-nous\/nos-produits-primes\/revitalsummer-prime-aux-cosmoprof-awards-2024\/#primaryimage"},"thumbnailUrl":"https:\/\/www.cardinal-creation.com\/at-packaging\/wp-content\/uploads\/2026\/04\/Ariane.jpeg","articleSection":["Ils parlent de nous","Nos produits prim\u00e9s"],"inLanguage":"fr-FR"},{"@type":"WebPage","@id":"https:\/\/www.cardinal-creation.com\/at-packaging\/ils-parlent-de-nous\/nos-produits-primes\/revitalsummer-prime-aux-cosmoprof-awards-2024\/","url":"https:\/\/www.cardinal-creation.com\/at-packaging\/ils-parlent-de-nous\/nos-produits-primes\/revitalsummer-prime-aux-cosmoprof-awards-2024\/","name":"RevitalSummer prim\u00e9 aux Cosmoprof Awards 2024 - AT Packaging","isPartOf":{"@id":"https:\/\/www.cardinal-creation.com\/at-packaging\/#website"},"primaryImageOfPage":{"@id":"https:\/\/www.cardinal-creation.com\/at-packaging\/ils-parlent-de-nous\/nos-produits-primes\/revitalsummer-prime-aux-cosmoprof-awards-2024\/#primaryimage"},"image":{"@id":"https:\/\/www.cardinal-creation.com\/at-packaging\/ils-parlent-de-nous\/nos-produits-primes\/revitalsummer-prime-aux-cosmoprof-awards-2024\/#primaryimage"},"thumbnailUrl":"https:\/\/www.cardinal-creation.com\/at-packaging\/wp-content\/uploads\/2026\/04\/Ariane.jpeg","datePublished":"2026-04-01T11:54:38+00:00","dateModified":"2026-04-01T14:59:48+00:00","breadcrumb":{"@id":"https:\/\/www.cardinal-creation.com\/at-packaging\/ils-parlent-de-nous\/nos-produits-primes\/revitalsummer-prime-aux-cosmoprof-awards-2024\/#breadcrumb"},"inLanguage":"fr-FR","potentialAction":[{"@type":"ReadAction","target":["https:\/\/www.cardinal-creation.com\/at-packaging\/ils-parlent-de-nous\/nos-produits-primes\/revitalsummer-prime-aux-cosmoprof-awards-2024\/"]}]},{"@type":"ImageObject","inLanguage":"fr-FR","@id":"https:\/\/www.cardinal-creation.com\/at-packaging\/ils-parlent-de-nous\/nos-produits-primes\/revitalsummer-prime-aux-cosmoprof-awards-2024\/#primaryimage","url":"https:\/\/www.cardinal-creation.com\/at-packaging\/wp-content\/uploads\/2026\/04\/Ariane.jpeg","contentUrl":"https:\/\/www.cardinal-creation.com\/at-packaging\/wp-content\/uploads\/2026\/04\/Ariane.jpeg","width":1165,"height":1405},{"@type":"BreadcrumbList","@id":"https:\/\/www.cardinal-creation.com\/at-packaging\/ils-parlent-de-nous\/nos-produits-primes\/revitalsummer-prime-aux-cosmoprof-awards-2024\/#breadcrumb","itemListElement":[{"@type":"ListItem","position":1,"name":"Accueil","item":"https:\/\/www.cardinal-creation.com\/at-packaging\/"},{"@type":"ListItem","position":2,"name":"Ils parlent de nous","item":"https:\/\/www.cardinal-creation.com\/at-packaging\/categorie\/ils-parlent-de-nous\/"},{"@type":"ListItem","position":3,"name":"Nos produits prim\u00e9s","item":"https:\/\/www.cardinal-creation.com\/at-packaging\/categorie\/ils-parlent-de-nous\/nos-produits-primes\/"},{"@type":"ListItem","position":4,"name":"RevitalSummer prim\u00e9 aux Cosmoprof Awards 2024"}]},{"@type":"WebSite","@id":"https:\/\/www.cardinal-creation.com\/at-packaging\/#website","url":"https:\/\/www.cardinal-creation.com\/at-packaging\/","name":"AT Packaging","description":"Fabricant et d\u00e9corateur d&#039;emballages thermoplastiques","publisher":{"@id":"https:\/\/www.cardinal-creation.com\/at-packaging\/#organization"},"potentialAction":[{"@type":"SearchAction","target":{"@type":"EntryPoint","urlTemplate":"https:\/\/www.cardinal-creation.com\/at-packaging\/?s={search_term_string}"},"query-input":{"@type":"PropertyValueSpecification","valueRequired":true,"valueName":"search_term_string"}}],"inLanguage":"fr-FR"},{"@type":"Organization","@id":"https:\/\/www.cardinal-creation.com\/at-packaging\/#organization","name":"AT Packaging","url":"https:\/\/www.cardinal-creation.com\/at-packaging\/","logo":{"@type":"ImageObject","inLanguage":"fr-FR","@id":"https:\/\/www.cardinal-creation.com\/at-packaging\/#\/schema\/logo\/image\/","url":"https:\/\/www.cardinal-creation.com\/at-packaging\/wp-content\/uploads\/2023\/01\/AT-Packaging-logo.svg","contentUrl":"https:\/\/www.cardinal-creation.com\/at-packaging\/wp-content\/uploads\/2023\/01\/AT-Packaging-logo.svg","width":198,"height":42,"caption":"AT Packaging"},"image":{"@id":"https:\/\/www.cardinal-creation.com\/at-packaging\/#\/schema\/logo\/image\/"}},{"@type":"Person","@id":"https:\/\/www.cardinal-creation.com\/at-packaging\/#\/schema\/person\/1d755e27c1b89640c6f4daaa0ceb66a8","name":"Maxime","image":{"@type":"ImageObject","inLanguage":"fr-FR","@id":"https:\/\/secure.gravatar.com\/avatar\/f482fd000d5e5ffba6a207c3381cac19a81cd3d2827662d03d3efec5a46f0a57?s=96&d=mm&r=g","url":"https:\/\/secure.gravatar.com\/avatar\/f482fd000d5e5ffba6a207c3381cac19a81cd3d2827662d03d3efec5a46f0a57?s=96&d=mm&r=g","contentUrl":"https:\/\/secure.gravatar.com\/avatar\/f482fd000d5e5ffba6a207c3381cac19a81cd3d2827662d03d3efec5a46f0a57?s=96&d=mm&r=g","caption":"Maxime"},"sameAs":["https:\/\/www.cardinal-creation.com\/at-packaging"],"url":"https:\/\/www.cardinal-creation.com\/at-packaging\/author\/maxime\/"}]}},"_links":{"self":[{"href":"https:\/\/www.cardinal-creation.com\/at-packaging\/wp-json\/wp\/v2\/posts\/2486","targetHints":{"allow":["GET"]}}],"collection":[{"href":"https:\/\/www.cardinal-creation.com\/at-packaging\/wp-json\/wp\/v2\/posts"}],"about":[{"href":"https:\/\/www.cardinal-creation.com\/at-packaging\/wp-json\/wp\/v2\/types\/post"}],"author":[{"embeddable":true,"href":"https:\/\/www.cardinal-creation.com\/at-packaging\/wp-json\/wp\/v2\/users\/1"}],"replies":[{"embeddable":true,"href":"https:\/\/www.cardinal-creation.com\/at-packaging\/wp-json\/wp\/v2\/comments?post=2486"}],"version-history":[{"count":1,"href":"https:\/\/www.cardinal-creation.com\/at-packaging\/wp-json\/wp\/v2\/posts\/2486\/revisions"}],"predecessor-version":[{"id":2487,"href":"https:\/\/www.cardinal-creation.com\/at-packaging\/wp-json\/wp\/v2\/posts\/2486\/revisions\/2487"}],"wp:featuredmedia":[{"embeddable":true,"href":"https:\/\/www.cardinal-creation.com\/at-packaging\/wp-json\/wp\/v2\/media\/2493"}],"wp:attachment":[{"href":"https:\/\/www.cardinal-creation.com\/at-packaging\/wp-json\/wp\/v2\/media?parent=2486"}],"wp:term":[{"taxonomy":"category","embeddable":true,"href":"https:\/\/www.cardinal-creation.com\/at-packaging\/wp-json\/wp\/v2\/categories?post=2486"},{"taxonomy":"post_tag","embeddable":true,"href":"https:\/\/www.cardinal-creation.com\/at-packaging\/wp-json\/wp\/v2\/tags?post=2486"}],"curies":[{"name":"wp","href":"https:\/\/api.w.org\/{rel}","templated":true}]}}