{"id":307,"date":"2026-02-23T11:54:14","date_gmt":"2026-02-23T10:54:14","guid":{"rendered":"https:\/\/www.cardinal-creation.com\/at-packaging\/?p=307"},"modified":"2026-04-02T17:19:24","modified_gmt":"2026-04-02T15:19:24","slug":"ils-parlent-de-nous","status":"publish","type":"post","link":"https:\/\/www.cardinal-creation.com\/at-packaging\/salons\/evenement-termines\/ils-parlent-de-nous\/","title":{"rendered":"Salon MakeUp in Paris"},"content":{"rendered":"<p class=\"cvGsUA direction-ltr align-start para-style-body\"><span class=\"a_GcMg font-feature-liga-off font-feature-clig-off font-feature-calt-off text-decoration-none text-strikethrough-none\">Nous sommes ravis d\u2019annoncer notre participation au salon MakeUp in Paris, un \u00e9v\u00e9nement incontournable d\u00e9di\u00e9 \u00e0 l\u2019innovation et \u00e0 la cr\u00e9ativit\u00e9 dans l\u2019univers de la beaut\u00e9.<\/span><\/p>\n<p class=\"cvGsUA direction-ltr align-start para-style-body\"><span class=\"a_GcMg font-feature-liga-off font-feature-clig-off font-feature-calt-off text-decoration-none text-strikethrough-none\">\u00c0 cette occasion, nous aurons le plaisir de vous pr\u00e9senter nos derni\u00e8res nouveaut\u00e9s, \u00e9changer autour des tendances du march\u00e9 et partager notre expertise avec les acteurs cl\u00e9s du secteur.<\/span><\/p>\n<p class=\"cvGsUA direction-ltr align-start para-style-body\"><span class=\"a_GcMg font-feature-liga-off font-feature-clig-off font-feature-calt-off text-decoration-none text-strikethrough-none\">Rejoignez-nous au <\/span><span class=\"a_GcMg font-feature-liga-off font-feature-clig-off font-feature-calt-off text-decoration-none text-strikethrough-none\">stand J33<\/span><span class=\"a_GcMg font-feature-liga-off font-feature-clig-off font-feature-calt-off text-decoration-none text-strikethrough-none\"> pour d\u00e9couvrir nos solutions, rencontrer notre \u00e9quipe et explorer ensemble de nouvelles opportunit\u00e9s.<\/span><\/p>\n","protected":false},"excerpt":{"rendered":"<p>Nous sommes ravis d\u2019annoncer notre participation au salon MakeUp in Paris, un \u00e9v\u00e9nement incontournable d\u00e9di\u00e9 \u00e0 l\u2019innovation et \u00e0 la cr\u00e9ativit\u00e9 dans l\u2019univers de la beaut\u00e9. \u00c0 cette occasion, nous aurons le plaisir de vous pr\u00e9senter nos derni\u00e8res nouveaut\u00e9s, \u00e9changer autour des tendances du march\u00e9 et partager notre expertise avec les acteurs cl\u00e9s du secteur. [&hellip;]<\/p>\n","protected":false},"author":1,"featured_media":2477,"comment_status":"closed","ping_status":"closed","sticky":false,"template":"","format":"standard","meta":{"_acf_changed":false,"footnotes":""},"categories":[100029,100021],"tags":[],"class_list":["post-307","post","type-post","status-publish","format-standard","has-post-thumbnail","hentry","category-evenement-termines","category-salons"],"acf":[],"yoast_head":"<!-- This site is optimized with the Yoast SEO plugin v27.4 - https:\/\/yoast.com\/product\/yoast-seo-wordpress\/ -->\n<title>Salon MakeUp in Paris - AT Packaging<\/title>\n<meta name=\"robots\" content=\"noindex, follow, max-snippet:-1, max-image-preview:large, max-video-preview:-1\" \/>\n<meta property=\"og:locale\" content=\"fr_FR\" \/>\n<meta property=\"og:type\" content=\"article\" \/>\n<meta property=\"og:title\" content=\"Salon MakeUp in Paris - AT Packaging\" \/>\n<meta property=\"og:description\" content=\"Nous sommes ravis d\u2019annoncer notre participation au salon MakeUp in Paris, un \u00e9v\u00e9nement incontournable d\u00e9di\u00e9 \u00e0 l\u2019innovation et \u00e0 la cr\u00e9ativit\u00e9 dans l\u2019univers de la beaut\u00e9. \u00c0 cette occasion, nous aurons le plaisir de vous pr\u00e9senter nos derni\u00e8res nouveaut\u00e9s, \u00e9changer autour des tendances du march\u00e9 et partager notre expertise avec les acteurs cl\u00e9s du secteur. [&hellip;]\" \/>\n<meta property=\"og:url\" content=\"https:\/\/www.cardinal-creation.com\/at-packaging\/salons\/evenement-termines\/ils-parlent-de-nous\/\" \/>\n<meta property=\"og:site_name\" content=\"AT Packaging\" \/>\n<meta property=\"article:published_time\" content=\"2026-02-23T10:54:14+00:00\" \/>\n<meta property=\"article:modified_time\" content=\"2026-04-02T15:19:24+00:00\" \/>\n<meta property=\"og:image\" content=\"https:\/\/www.cardinal-creation.com\/at-packaging\/wp-content\/uploads\/2026\/02\/Make-up-PARIS-X-seriplast.jpg\" \/>\n\t<meta property=\"og:image:width\" content=\"1600\" \/>\n\t<meta property=\"og:image:height\" content=\"1600\" \/>\n\t<meta property=\"og:image:type\" content=\"image\/jpeg\" \/>\n<meta name=\"author\" content=\"Maxime\" \/>\n<meta name=\"twitter:card\" content=\"summary_large_image\" \/>\n<meta name=\"twitter:label1\" content=\"\u00c9crit par\" \/>\n\t<meta name=\"twitter:data1\" content=\"Maxime\" \/>\n<script type=\"application\/ld+json\" class=\"yoast-schema-graph\">{\"@context\":\"https:\\\/\\\/schema.org\",\"@graph\":[{\"@type\":\"Article\",\"@id\":\"https:\\\/\\\/www.cardinal-creation.com\\\/at-packaging\\\/salons\\\/evenement-termines\\\/ils-parlent-de-nous\\\/#article\",\"isPartOf\":{\"@id\":\"https:\\\/\\\/www.cardinal-creation.com\\\/at-packaging\\\/salons\\\/evenement-termines\\\/ils-parlent-de-nous\\\/\"},\"author\":{\"name\":\"Maxime\",\"@id\":\"https:\\\/\\\/www.cardinal-creation.com\\\/at-packaging\\\/#\\\/schema\\\/person\\\/1d755e27c1b89640c6f4daaa0ceb66a8\"},\"headline\":\"Salon MakeUp in Paris\",\"datePublished\":\"2026-02-23T10:54:14+00:00\",\"dateModified\":\"2026-04-02T15:19:24+00:00\",\"mainEntityOfPage\":{\"@id\":\"https:\\\/\\\/www.cardinal-creation.com\\\/at-packaging\\\/salons\\\/evenement-termines\\\/ils-parlent-de-nous\\\/\"},\"wordCount\":85,\"publisher\":{\"@id\":\"https:\\\/\\\/www.cardinal-creation.com\\\/at-packaging\\\/#organization\"},\"image\":{\"@id\":\"https:\\\/\\\/www.cardinal-creation.com\\\/at-packaging\\\/salons\\\/evenement-termines\\\/ils-parlent-de-nous\\\/#primaryimage\"},\"thumbnailUrl\":\"https:\\\/\\\/www.cardinal-creation.com\\\/at-packaging\\\/wp-content\\\/uploads\\\/2026\\\/02\\\/Make-up-PARIS-X-seriplast.jpg\",\"articleSection\":[\"\u00c9v\u00e8nement termin\u00e9s\",\"Venez nous rencontrer sur les salons\"],\"inLanguage\":\"fr-FR\"},{\"@type\":\"WebPage\",\"@id\":\"https:\\\/\\\/www.cardinal-creation.com\\\/at-packaging\\\/salons\\\/evenement-termines\\\/ils-parlent-de-nous\\\/\",\"url\":\"https:\\\/\\\/www.cardinal-creation.com\\\/at-packaging\\\/salons\\\/evenement-termines\\\/ils-parlent-de-nous\\\/\",\"name\":\"Salon MakeUp in Paris - AT Packaging\",\"isPartOf\":{\"@id\":\"https:\\\/\\\/www.cardinal-creation.com\\\/at-packaging\\\/#website\"},\"primaryImageOfPage\":{\"@id\":\"https:\\\/\\\/www.cardinal-creation.com\\\/at-packaging\\\/salons\\\/evenement-termines\\\/ils-parlent-de-nous\\\/#primaryimage\"},\"image\":{\"@id\":\"https:\\\/\\\/www.cardinal-creation.com\\\/at-packaging\\\/salons\\\/evenement-termines\\\/ils-parlent-de-nous\\\/#primaryimage\"},\"thumbnailUrl\":\"https:\\\/\\\/www.cardinal-creation.com\\\/at-packaging\\\/wp-content\\\/uploads\\\/2026\\\/02\\\/Make-up-PARIS-X-seriplast.jpg\",\"datePublished\":\"2026-02-23T10:54:14+00:00\",\"dateModified\":\"2026-04-02T15:19:24+00:00\",\"breadcrumb\":{\"@id\":\"https:\\\/\\\/www.cardinal-creation.com\\\/at-packaging\\\/salons\\\/evenement-termines\\\/ils-parlent-de-nous\\\/#breadcrumb\"},\"inLanguage\":\"fr-FR\",\"potentialAction\":[{\"@type\":\"ReadAction\",\"target\":[\"https:\\\/\\\/www.cardinal-creation.com\\\/at-packaging\\\/salons\\\/evenement-termines\\\/ils-parlent-de-nous\\\/\"]}]},{\"@type\":\"ImageObject\",\"inLanguage\":\"fr-FR\",\"@id\":\"https:\\\/\\\/www.cardinal-creation.com\\\/at-packaging\\\/salons\\\/evenement-termines\\\/ils-parlent-de-nous\\\/#primaryimage\",\"url\":\"https:\\\/\\\/www.cardinal-creation.com\\\/at-packaging\\\/wp-content\\\/uploads\\\/2026\\\/02\\\/Make-up-PARIS-X-seriplast.jpg\",\"contentUrl\":\"https:\\\/\\\/www.cardinal-creation.com\\\/at-packaging\\\/wp-content\\\/uploads\\\/2026\\\/02\\\/Make-up-PARIS-X-seriplast.jpg\",\"width\":1600,\"height\":1600},{\"@type\":\"BreadcrumbList\",\"@id\":\"https:\\\/\\\/www.cardinal-creation.com\\\/at-packaging\\\/salons\\\/evenement-termines\\\/ils-parlent-de-nous\\\/#breadcrumb\",\"itemListElement\":[{\"@type\":\"ListItem\",\"position\":1,\"name\":\"Accueil\",\"item\":\"https:\\\/\\\/www.cardinal-creation.com\\\/at-packaging\\\/\"},{\"@type\":\"ListItem\",\"position\":2,\"name\":\"Venez nous rencontrer sur les salons\",\"item\":\"https:\\\/\\\/www.cardinal-creation.com\\\/at-packaging\\\/categorie\\\/salons\\\/\"},{\"@type\":\"ListItem\",\"position\":3,\"name\":\"\u00c9v\u00e8nement termin\u00e9s\",\"item\":\"https:\\\/\\\/www.cardinal-creation.com\\\/at-packaging\\\/categorie\\\/salons\\\/evenement-termines\\\/\"},{\"@type\":\"ListItem\",\"position\":4,\"name\":\"Salon MakeUp in Paris\"}]},{\"@type\":\"WebSite\",\"@id\":\"https:\\\/\\\/www.cardinal-creation.com\\\/at-packaging\\\/#website\",\"url\":\"https:\\\/\\\/www.cardinal-creation.com\\\/at-packaging\\\/\",\"name\":\"AT Packaging\",\"description\":\"Fabricant et d\u00e9corateur d&#039;emballages thermoplastiques\",\"publisher\":{\"@id\":\"https:\\\/\\\/www.cardinal-creation.com\\\/at-packaging\\\/#organization\"},\"potentialAction\":[{\"@type\":\"SearchAction\",\"target\":{\"@type\":\"EntryPoint\",\"urlTemplate\":\"https:\\\/\\\/www.cardinal-creation.com\\\/at-packaging\\\/?s={search_term_string}\"},\"query-input\":{\"@type\":\"PropertyValueSpecification\",\"valueRequired\":true,\"valueName\":\"search_term_string\"}}],\"inLanguage\":\"fr-FR\"},{\"@type\":\"Organization\",\"@id\":\"https:\\\/\\\/www.cardinal-creation.com\\\/at-packaging\\\/#organization\",\"name\":\"AT Packaging\",\"url\":\"https:\\\/\\\/www.cardinal-creation.com\\\/at-packaging\\\/\",\"logo\":{\"@type\":\"ImageObject\",\"inLanguage\":\"fr-FR\",\"@id\":\"https:\\\/\\\/www.cardinal-creation.com\\\/at-packaging\\\/#\\\/schema\\\/logo\\\/image\\\/\",\"url\":\"https:\\\/\\\/www.cardinal-creation.com\\\/at-packaging\\\/wp-content\\\/uploads\\\/2023\\\/01\\\/AT-Packaging-logo.svg\",\"contentUrl\":\"https:\\\/\\\/www.cardinal-creation.com\\\/at-packaging\\\/wp-content\\\/uploads\\\/2023\\\/01\\\/AT-Packaging-logo.svg\",\"width\":198,\"height\":42,\"caption\":\"AT Packaging\"},\"image\":{\"@id\":\"https:\\\/\\\/www.cardinal-creation.com\\\/at-packaging\\\/#\\\/schema\\\/logo\\\/image\\\/\"}},{\"@type\":\"Person\",\"@id\":\"https:\\\/\\\/www.cardinal-creation.com\\\/at-packaging\\\/#\\\/schema\\\/person\\\/1d755e27c1b89640c6f4daaa0ceb66a8\",\"name\":\"Maxime\",\"image\":{\"@type\":\"ImageObject\",\"inLanguage\":\"fr-FR\",\"@id\":\"https:\\\/\\\/secure.gravatar.com\\\/avatar\\\/f482fd000d5e5ffba6a207c3381cac19a81cd3d2827662d03d3efec5a46f0a57?s=96&d=mm&r=g\",\"url\":\"https:\\\/\\\/secure.gravatar.com\\\/avatar\\\/f482fd000d5e5ffba6a207c3381cac19a81cd3d2827662d03d3efec5a46f0a57?s=96&d=mm&r=g\",\"contentUrl\":\"https:\\\/\\\/secure.gravatar.com\\\/avatar\\\/f482fd000d5e5ffba6a207c3381cac19a81cd3d2827662d03d3efec5a46f0a57?s=96&d=mm&r=g\",\"caption\":\"Maxime\"},\"sameAs\":[\"https:\\\/\\\/www.cardinal-creation.com\\\/at-packaging\"],\"url\":\"https:\\\/\\\/www.cardinal-creation.com\\\/at-packaging\\\/author\\\/maxime\\\/\"}]}<\/script>\n<!-- \/ Yoast SEO plugin. -->","yoast_head_json":{"title":"Salon MakeUp in Paris - AT Packaging","robots":{"index":"noindex","follow":"follow","max-snippet":"max-snippet:-1","max-image-preview":"max-image-preview:large","max-video-preview":"max-video-preview:-1"},"og_locale":"fr_FR","og_type":"article","og_title":"Salon MakeUp in Paris - AT Packaging","og_description":"Nous sommes ravis d\u2019annoncer notre participation au salon MakeUp in Paris, un \u00e9v\u00e9nement incontournable d\u00e9di\u00e9 \u00e0 l\u2019innovation et \u00e0 la cr\u00e9ativit\u00e9 dans l\u2019univers de la beaut\u00e9. \u00c0 cette occasion, nous aurons le plaisir de vous pr\u00e9senter nos derni\u00e8res nouveaut\u00e9s, \u00e9changer autour des tendances du march\u00e9 et partager notre expertise avec les acteurs cl\u00e9s du secteur. [&hellip;]","og_url":"https:\/\/www.cardinal-creation.com\/at-packaging\/salons\/evenement-termines\/ils-parlent-de-nous\/","og_site_name":"AT Packaging","article_published_time":"2026-02-23T10:54:14+00:00","article_modified_time":"2026-04-02T15:19:24+00:00","og_image":[{"width":1600,"height":1600,"url":"https:\/\/www.cardinal-creation.com\/at-packaging\/wp-content\/uploads\/2026\/02\/Make-up-PARIS-X-seriplast.jpg","type":"image\/jpeg"}],"author":"Maxime","twitter_card":"summary_large_image","twitter_misc":{"\u00c9crit par":"Maxime"},"schema":{"@context":"https:\/\/schema.org","@graph":[{"@type":"Article","@id":"https:\/\/www.cardinal-creation.com\/at-packaging\/salons\/evenement-termines\/ils-parlent-de-nous\/#article","isPartOf":{"@id":"https:\/\/www.cardinal-creation.com\/at-packaging\/salons\/evenement-termines\/ils-parlent-de-nous\/"},"author":{"name":"Maxime","@id":"https:\/\/www.cardinal-creation.com\/at-packaging\/#\/schema\/person\/1d755e27c1b89640c6f4daaa0ceb66a8"},"headline":"Salon MakeUp in Paris","datePublished":"2026-02-23T10:54:14+00:00","dateModified":"2026-04-02T15:19:24+00:00","mainEntityOfPage":{"@id":"https:\/\/www.cardinal-creation.com\/at-packaging\/salons\/evenement-termines\/ils-parlent-de-nous\/"},"wordCount":85,"publisher":{"@id":"https:\/\/www.cardinal-creation.com\/at-packaging\/#organization"},"image":{"@id":"https:\/\/www.cardinal-creation.com\/at-packaging\/salons\/evenement-termines\/ils-parlent-de-nous\/#primaryimage"},"thumbnailUrl":"https:\/\/www.cardinal-creation.com\/at-packaging\/wp-content\/uploads\/2026\/02\/Make-up-PARIS-X-seriplast.jpg","articleSection":["\u00c9v\u00e8nement termin\u00e9s","Venez nous rencontrer sur les salons"],"inLanguage":"fr-FR"},{"@type":"WebPage","@id":"https:\/\/www.cardinal-creation.com\/at-packaging\/salons\/evenement-termines\/ils-parlent-de-nous\/","url":"https:\/\/www.cardinal-creation.com\/at-packaging\/salons\/evenement-termines\/ils-parlent-de-nous\/","name":"Salon MakeUp in Paris - AT Packaging","isPartOf":{"@id":"https:\/\/www.cardinal-creation.com\/at-packaging\/#website"},"primaryImageOfPage":{"@id":"https:\/\/www.cardinal-creation.com\/at-packaging\/salons\/evenement-termines\/ils-parlent-de-nous\/#primaryimage"},"image":{"@id":"https:\/\/www.cardinal-creation.com\/at-packaging\/salons\/evenement-termines\/ils-parlent-de-nous\/#primaryimage"},"thumbnailUrl":"https:\/\/www.cardinal-creation.com\/at-packaging\/wp-content\/uploads\/2026\/02\/Make-up-PARIS-X-seriplast.jpg","datePublished":"2026-02-23T10:54:14+00:00","dateModified":"2026-04-02T15:19:24+00:00","breadcrumb":{"@id":"https:\/\/www.cardinal-creation.com\/at-packaging\/salons\/evenement-termines\/ils-parlent-de-nous\/#breadcrumb"},"inLanguage":"fr-FR","potentialAction":[{"@type":"ReadAction","target":["https:\/\/www.cardinal-creation.com\/at-packaging\/salons\/evenement-termines\/ils-parlent-de-nous\/"]}]},{"@type":"ImageObject","inLanguage":"fr-FR","@id":"https:\/\/www.cardinal-creation.com\/at-packaging\/salons\/evenement-termines\/ils-parlent-de-nous\/#primaryimage","url":"https:\/\/www.cardinal-creation.com\/at-packaging\/wp-content\/uploads\/2026\/02\/Make-up-PARIS-X-seriplast.jpg","contentUrl":"https:\/\/www.cardinal-creation.com\/at-packaging\/wp-content\/uploads\/2026\/02\/Make-up-PARIS-X-seriplast.jpg","width":1600,"height":1600},{"@type":"BreadcrumbList","@id":"https:\/\/www.cardinal-creation.com\/at-packaging\/salons\/evenement-termines\/ils-parlent-de-nous\/#breadcrumb","itemListElement":[{"@type":"ListItem","position":1,"name":"Accueil","item":"https:\/\/www.cardinal-creation.com\/at-packaging\/"},{"@type":"ListItem","position":2,"name":"Venez nous rencontrer sur les salons","item":"https:\/\/www.cardinal-creation.com\/at-packaging\/categorie\/salons\/"},{"@type":"ListItem","position":3,"name":"\u00c9v\u00e8nement termin\u00e9s","item":"https:\/\/www.cardinal-creation.com\/at-packaging\/categorie\/salons\/evenement-termines\/"},{"@type":"ListItem","position":4,"name":"Salon MakeUp in Paris"}]},{"@type":"WebSite","@id":"https:\/\/www.cardinal-creation.com\/at-packaging\/#website","url":"https:\/\/www.cardinal-creation.com\/at-packaging\/","name":"AT Packaging","description":"Fabricant et d\u00e9corateur d&#039;emballages thermoplastiques","publisher":{"@id":"https:\/\/www.cardinal-creation.com\/at-packaging\/#organization"},"potentialAction":[{"@type":"SearchAction","target":{"@type":"EntryPoint","urlTemplate":"https:\/\/www.cardinal-creation.com\/at-packaging\/?s={search_term_string}"},"query-input":{"@type":"PropertyValueSpecification","valueRequired":true,"valueName":"search_term_string"}}],"inLanguage":"fr-FR"},{"@type":"Organization","@id":"https:\/\/www.cardinal-creation.com\/at-packaging\/#organization","name":"AT Packaging","url":"https:\/\/www.cardinal-creation.com\/at-packaging\/","logo":{"@type":"ImageObject","inLanguage":"fr-FR","@id":"https:\/\/www.cardinal-creation.com\/at-packaging\/#\/schema\/logo\/image\/","url":"https:\/\/www.cardinal-creation.com\/at-packaging\/wp-content\/uploads\/2023\/01\/AT-Packaging-logo.svg","contentUrl":"https:\/\/www.cardinal-creation.com\/at-packaging\/wp-content\/uploads\/2023\/01\/AT-Packaging-logo.svg","width":198,"height":42,"caption":"AT Packaging"},"image":{"@id":"https:\/\/www.cardinal-creation.com\/at-packaging\/#\/schema\/logo\/image\/"}},{"@type":"Person","@id":"https:\/\/www.cardinal-creation.com\/at-packaging\/#\/schema\/person\/1d755e27c1b89640c6f4daaa0ceb66a8","name":"Maxime","image":{"@type":"ImageObject","inLanguage":"fr-FR","@id":"https:\/\/secure.gravatar.com\/avatar\/f482fd000d5e5ffba6a207c3381cac19a81cd3d2827662d03d3efec5a46f0a57?s=96&d=mm&r=g","url":"https:\/\/secure.gravatar.com\/avatar\/f482fd000d5e5ffba6a207c3381cac19a81cd3d2827662d03d3efec5a46f0a57?s=96&d=mm&r=g","contentUrl":"https:\/\/secure.gravatar.com\/avatar\/f482fd000d5e5ffba6a207c3381cac19a81cd3d2827662d03d3efec5a46f0a57?s=96&d=mm&r=g","caption":"Maxime"},"sameAs":["https:\/\/www.cardinal-creation.com\/at-packaging"],"url":"https:\/\/www.cardinal-creation.com\/at-packaging\/author\/maxime\/"}]}},"_links":{"self":[{"href":"https:\/\/www.cardinal-creation.com\/at-packaging\/wp-json\/wp\/v2\/posts\/307","targetHints":{"allow":["GET"]}}],"collection":[{"href":"https:\/\/www.cardinal-creation.com\/at-packaging\/wp-json\/wp\/v2\/posts"}],"about":[{"href":"https:\/\/www.cardinal-creation.com\/at-packaging\/wp-json\/wp\/v2\/types\/post"}],"author":[{"embeddable":true,"href":"https:\/\/www.cardinal-creation.com\/at-packaging\/wp-json\/wp\/v2\/users\/1"}],"replies":[{"embeddable":true,"href":"https:\/\/www.cardinal-creation.com\/at-packaging\/wp-json\/wp\/v2\/comments?post=307"}],"version-history":[{"count":3,"href":"https:\/\/www.cardinal-creation.com\/at-packaging\/wp-json\/wp\/v2\/posts\/307\/revisions"}],"predecessor-version":[{"id":2467,"href":"https:\/\/www.cardinal-creation.com\/at-packaging\/wp-json\/wp\/v2\/posts\/307\/revisions\/2467"}],"wp:featuredmedia":[{"embeddable":true,"href":"https:\/\/www.cardinal-creation.com\/at-packaging\/wp-json\/wp\/v2\/media\/2477"}],"wp:attachment":[{"href":"https:\/\/www.cardinal-creation.com\/at-packaging\/wp-json\/wp\/v2\/media?parent=307"}],"wp:term":[{"taxonomy":"category","embeddable":true,"href":"https:\/\/www.cardinal-creation.com\/at-packaging\/wp-json\/wp\/v2\/categories?post=307"},{"taxonomy":"post_tag","embeddable":true,"href":"https:\/\/www.cardinal-creation.com\/at-packaging\/wp-json\/wp\/v2\/tags?post=307"}],"curies":[{"name":"wp","href":"https:\/\/api.w.org\/{rel}","templated":true}]}}