{"id":308,"date":"2026-02-23T11:54:18","date_gmt":"2026-02-23T10:54:18","guid":{"rendered":"https:\/\/www.cardinal-creation.com\/at-packaging\/?p=308"},"modified":"2026-04-02T17:19:24","modified_gmt":"2026-04-02T15:19:24","slug":"notre-nouveau-socle-identitaire","status":"publish","type":"post","link":"https:\/\/www.cardinal-creation.com\/at-packaging\/salons\/evenement-termines\/notre-nouveau-socle-identitaire\/","title":{"rendered":"Salon international Cosmetista"},"content":{"rendered":"<p class=\"cvGsUA direction-ltr align-start para-style-body\"><span class=\"a_GcMg font-feature-liga-off font-feature-clig-off font-feature-calt-off text-decoration-none text-strikethrough-none\">C\u2019est avec enthousiasme que nous vous annon\u00e7ons notre participation au salon international Cosmetista.<\/span><\/p>\n<p class=\"cvGsUA direction-ltr align-start para-style-body\"><span class=\"a_GcMg font-feature-liga-off font-feature-clig-off font-feature-calt-off text-decoration-none text-strikethrough-none\">\u00c0 cette occasion, nous serons ravis de vous accueillir sur notre <\/span><span class=\"a_GcMg font-feature-liga-off font-feature-clig-off font-feature-calt-off text-decoration-none text-strikethrough-none\">stand K10 <\/span><span class=\"a_GcMg font-feature-liga-off font-feature-clig-off font-feature-calt-off text-decoration-none text-strikethrough-none\">afin de vous faire d\u00e9couvrir nos produits, partager notre expertise et \u00e9changer autour de nos engagements et de nos nouveaut\u00e9s.<\/span><\/p>\n","protected":false},"excerpt":{"rendered":"<p>C\u2019est avec enthousiasme que nous vous annon\u00e7ons notre participation au salon international Cosmetista. \u00c0 cette occasion, nous serons ravis de vous accueillir sur notre stand K10 afin de vous faire d\u00e9couvrir nos produits, partager notre expertise et \u00e9changer autour de nos engagements et de nos nouveaut\u00e9s.<\/p>\n","protected":false},"author":1,"featured_media":2475,"comment_status":"closed","ping_status":"closed","sticky":false,"template":"","format":"standard","meta":{"_acf_changed":false,"footnotes":""},"categories":[100029,100021],"tags":[],"class_list":["post-308","post","type-post","status-publish","format-standard","has-post-thumbnail","hentry","category-evenement-termines","category-salons"],"acf":[],"yoast_head":"<!-- This site is optimized with the Yoast SEO plugin v27.4 - https:\/\/yoast.com\/product\/yoast-seo-wordpress\/ -->\n<title>Salon international Cosmetista - AT Packaging<\/title>\n<meta name=\"robots\" content=\"noindex, follow, max-snippet:-1, max-image-preview:large, max-video-preview:-1\" \/>\n<meta property=\"og:locale\" content=\"fr_FR\" \/>\n<meta property=\"og:type\" content=\"article\" \/>\n<meta property=\"og:title\" content=\"Salon international Cosmetista - AT Packaging\" \/>\n<meta property=\"og:description\" content=\"C\u2019est avec enthousiasme que nous vous annon\u00e7ons notre participation au salon international Cosmetista. \u00c0 cette occasion, nous serons ravis de vous accueillir sur notre stand K10 afin de vous faire d\u00e9couvrir nos produits, partager notre expertise et \u00e9changer autour de nos engagements et de nos nouveaut\u00e9s.\" \/>\n<meta property=\"og:url\" content=\"https:\/\/www.cardinal-creation.com\/at-packaging\/salons\/evenement-termines\/notre-nouveau-socle-identitaire\/\" \/>\n<meta property=\"og:site_name\" content=\"AT Packaging\" \/>\n<meta property=\"article:published_time\" content=\"2026-02-23T10:54:18+00:00\" \/>\n<meta property=\"article:modified_time\" content=\"2026-04-02T15:19:24+00:00\" \/>\n<meta property=\"og:image\" content=\"https:\/\/www.cardinal-creation.com\/at-packaging\/wp-content\/uploads\/2023\/01\/Seriplast.jpg\" \/>\n\t<meta property=\"og:image:width\" content=\"801\" \/>\n\t<meta property=\"og:image:height\" content=\"800\" \/>\n\t<meta property=\"og:image:type\" content=\"image\/jpeg\" \/>\n<meta name=\"author\" content=\"Maxime\" \/>\n<meta name=\"twitter:card\" content=\"summary_large_image\" \/>\n<meta name=\"twitter:label1\" content=\"\u00c9crit par\" \/>\n\t<meta name=\"twitter:data1\" content=\"Maxime\" \/>\n<script type=\"application\/ld+json\" class=\"yoast-schema-graph\">{\"@context\":\"https:\\\/\\\/schema.org\",\"@graph\":[{\"@type\":\"Article\",\"@id\":\"https:\\\/\\\/www.cardinal-creation.com\\\/at-packaging\\\/salons\\\/evenement-termines\\\/notre-nouveau-socle-identitaire\\\/#article\",\"isPartOf\":{\"@id\":\"https:\\\/\\\/www.cardinal-creation.com\\\/at-packaging\\\/salons\\\/evenement-termines\\\/notre-nouveau-socle-identitaire\\\/\"},\"author\":{\"name\":\"Maxime\",\"@id\":\"https:\\\/\\\/www.cardinal-creation.com\\\/at-packaging\\\/#\\\/schema\\\/person\\\/1d755e27c1b89640c6f4daaa0ceb66a8\"},\"headline\":\"Salon international Cosmetista\",\"datePublished\":\"2026-02-23T10:54:18+00:00\",\"dateModified\":\"2026-04-02T15:19:24+00:00\",\"mainEntityOfPage\":{\"@id\":\"https:\\\/\\\/www.cardinal-creation.com\\\/at-packaging\\\/salons\\\/evenement-termines\\\/notre-nouveau-socle-identitaire\\\/\"},\"wordCount\":52,\"publisher\":{\"@id\":\"https:\\\/\\\/www.cardinal-creation.com\\\/at-packaging\\\/#organization\"},\"image\":{\"@id\":\"https:\\\/\\\/www.cardinal-creation.com\\\/at-packaging\\\/salons\\\/evenement-termines\\\/notre-nouveau-socle-identitaire\\\/#primaryimage\"},\"thumbnailUrl\":\"https:\\\/\\\/www.cardinal-creation.com\\\/at-packaging\\\/wp-content\\\/uploads\\\/2023\\\/01\\\/Seriplast.jpg\",\"articleSection\":[\"\u00c9v\u00e8nement termin\u00e9s\",\"Venez nous rencontrer sur les salons\"],\"inLanguage\":\"fr-FR\"},{\"@type\":\"WebPage\",\"@id\":\"https:\\\/\\\/www.cardinal-creation.com\\\/at-packaging\\\/salons\\\/evenement-termines\\\/notre-nouveau-socle-identitaire\\\/\",\"url\":\"https:\\\/\\\/www.cardinal-creation.com\\\/at-packaging\\\/salons\\\/evenement-termines\\\/notre-nouveau-socle-identitaire\\\/\",\"name\":\"Salon international Cosmetista - AT Packaging\",\"isPartOf\":{\"@id\":\"https:\\\/\\\/www.cardinal-creation.com\\\/at-packaging\\\/#website\"},\"primaryImageOfPage\":{\"@id\":\"https:\\\/\\\/www.cardinal-creation.com\\\/at-packaging\\\/salons\\\/evenement-termines\\\/notre-nouveau-socle-identitaire\\\/#primaryimage\"},\"image\":{\"@id\":\"https:\\\/\\\/www.cardinal-creation.com\\\/at-packaging\\\/salons\\\/evenement-termines\\\/notre-nouveau-socle-identitaire\\\/#primaryimage\"},\"thumbnailUrl\":\"https:\\\/\\\/www.cardinal-creation.com\\\/at-packaging\\\/wp-content\\\/uploads\\\/2023\\\/01\\\/Seriplast.jpg\",\"datePublished\":\"2026-02-23T10:54:18+00:00\",\"dateModified\":\"2026-04-02T15:19:24+00:00\",\"breadcrumb\":{\"@id\":\"https:\\\/\\\/www.cardinal-creation.com\\\/at-packaging\\\/salons\\\/evenement-termines\\\/notre-nouveau-socle-identitaire\\\/#breadcrumb\"},\"inLanguage\":\"fr-FR\",\"potentialAction\":[{\"@type\":\"ReadAction\",\"target\":[\"https:\\\/\\\/www.cardinal-creation.com\\\/at-packaging\\\/salons\\\/evenement-termines\\\/notre-nouveau-socle-identitaire\\\/\"]}]},{\"@type\":\"ImageObject\",\"inLanguage\":\"fr-FR\",\"@id\":\"https:\\\/\\\/www.cardinal-creation.com\\\/at-packaging\\\/salons\\\/evenement-termines\\\/notre-nouveau-socle-identitaire\\\/#primaryimage\",\"url\":\"https:\\\/\\\/www.cardinal-creation.com\\\/at-packaging\\\/wp-content\\\/uploads\\\/2023\\\/01\\\/Seriplast.jpg\",\"contentUrl\":\"https:\\\/\\\/www.cardinal-creation.com\\\/at-packaging\\\/wp-content\\\/uploads\\\/2023\\\/01\\\/Seriplast.jpg\",\"width\":801,\"height\":800},{\"@type\":\"BreadcrumbList\",\"@id\":\"https:\\\/\\\/www.cardinal-creation.com\\\/at-packaging\\\/salons\\\/evenement-termines\\\/notre-nouveau-socle-identitaire\\\/#breadcrumb\",\"itemListElement\":[{\"@type\":\"ListItem\",\"position\":1,\"name\":\"Accueil\",\"item\":\"https:\\\/\\\/www.cardinal-creation.com\\\/at-packaging\\\/\"},{\"@type\":\"ListItem\",\"position\":2,\"name\":\"Venez nous rencontrer sur les salons\",\"item\":\"https:\\\/\\\/www.cardinal-creation.com\\\/at-packaging\\\/categorie\\\/salons\\\/\"},{\"@type\":\"ListItem\",\"position\":3,\"name\":\"\u00c9v\u00e8nement termin\u00e9s\",\"item\":\"https:\\\/\\\/www.cardinal-creation.com\\\/at-packaging\\\/categorie\\\/salons\\\/evenement-termines\\\/\"},{\"@type\":\"ListItem\",\"position\":4,\"name\":\"Salon international Cosmetista\"}]},{\"@type\":\"WebSite\",\"@id\":\"https:\\\/\\\/www.cardinal-creation.com\\\/at-packaging\\\/#website\",\"url\":\"https:\\\/\\\/www.cardinal-creation.com\\\/at-packaging\\\/\",\"name\":\"AT Packaging\",\"description\":\"Fabricant et d\u00e9corateur d&#039;emballages thermoplastiques\",\"publisher\":{\"@id\":\"https:\\\/\\\/www.cardinal-creation.com\\\/at-packaging\\\/#organization\"},\"potentialAction\":[{\"@type\":\"SearchAction\",\"target\":{\"@type\":\"EntryPoint\",\"urlTemplate\":\"https:\\\/\\\/www.cardinal-creation.com\\\/at-packaging\\\/?s={search_term_string}\"},\"query-input\":{\"@type\":\"PropertyValueSpecification\",\"valueRequired\":true,\"valueName\":\"search_term_string\"}}],\"inLanguage\":\"fr-FR\"},{\"@type\":\"Organization\",\"@id\":\"https:\\\/\\\/www.cardinal-creation.com\\\/at-packaging\\\/#organization\",\"name\":\"AT Packaging\",\"url\":\"https:\\\/\\\/www.cardinal-creation.com\\\/at-packaging\\\/\",\"logo\":{\"@type\":\"ImageObject\",\"inLanguage\":\"fr-FR\",\"@id\":\"https:\\\/\\\/www.cardinal-creation.com\\\/at-packaging\\\/#\\\/schema\\\/logo\\\/image\\\/\",\"url\":\"https:\\\/\\\/www.cardinal-creation.com\\\/at-packaging\\\/wp-content\\\/uploads\\\/2023\\\/01\\\/AT-Packaging-logo.svg\",\"contentUrl\":\"https:\\\/\\\/www.cardinal-creation.com\\\/at-packaging\\\/wp-content\\\/uploads\\\/2023\\\/01\\\/AT-Packaging-logo.svg\",\"width\":198,\"height\":42,\"caption\":\"AT Packaging\"},\"image\":{\"@id\":\"https:\\\/\\\/www.cardinal-creation.com\\\/at-packaging\\\/#\\\/schema\\\/logo\\\/image\\\/\"}},{\"@type\":\"Person\",\"@id\":\"https:\\\/\\\/www.cardinal-creation.com\\\/at-packaging\\\/#\\\/schema\\\/person\\\/1d755e27c1b89640c6f4daaa0ceb66a8\",\"name\":\"Maxime\",\"image\":{\"@type\":\"ImageObject\",\"inLanguage\":\"fr-FR\",\"@id\":\"https:\\\/\\\/secure.gravatar.com\\\/avatar\\\/f482fd000d5e5ffba6a207c3381cac19a81cd3d2827662d03d3efec5a46f0a57?s=96&d=mm&r=g\",\"url\":\"https:\\\/\\\/secure.gravatar.com\\\/avatar\\\/f482fd000d5e5ffba6a207c3381cac19a81cd3d2827662d03d3efec5a46f0a57?s=96&d=mm&r=g\",\"contentUrl\":\"https:\\\/\\\/secure.gravatar.com\\\/avatar\\\/f482fd000d5e5ffba6a207c3381cac19a81cd3d2827662d03d3efec5a46f0a57?s=96&d=mm&r=g\",\"caption\":\"Maxime\"},\"sameAs\":[\"https:\\\/\\\/www.cardinal-creation.com\\\/at-packaging\"],\"url\":\"https:\\\/\\\/www.cardinal-creation.com\\\/at-packaging\\\/author\\\/maxime\\\/\"}]}<\/script>\n<!-- \/ Yoast SEO plugin. -->","yoast_head_json":{"title":"Salon international Cosmetista - AT Packaging","robots":{"index":"noindex","follow":"follow","max-snippet":"max-snippet:-1","max-image-preview":"max-image-preview:large","max-video-preview":"max-video-preview:-1"},"og_locale":"fr_FR","og_type":"article","og_title":"Salon international Cosmetista - AT Packaging","og_description":"C\u2019est avec enthousiasme que nous vous annon\u00e7ons notre participation au salon international Cosmetista. \u00c0 cette occasion, nous serons ravis de vous accueillir sur notre stand K10 afin de vous faire d\u00e9couvrir nos produits, partager notre expertise et \u00e9changer autour de nos engagements et de nos nouveaut\u00e9s.","og_url":"https:\/\/www.cardinal-creation.com\/at-packaging\/salons\/evenement-termines\/notre-nouveau-socle-identitaire\/","og_site_name":"AT Packaging","article_published_time":"2026-02-23T10:54:18+00:00","article_modified_time":"2026-04-02T15:19:24+00:00","og_image":[{"width":801,"height":800,"url":"https:\/\/www.cardinal-creation.com\/at-packaging\/wp-content\/uploads\/2023\/01\/Seriplast.jpg","type":"image\/jpeg"}],"author":"Maxime","twitter_card":"summary_large_image","twitter_misc":{"\u00c9crit par":"Maxime"},"schema":{"@context":"https:\/\/schema.org","@graph":[{"@type":"Article","@id":"https:\/\/www.cardinal-creation.com\/at-packaging\/salons\/evenement-termines\/notre-nouveau-socle-identitaire\/#article","isPartOf":{"@id":"https:\/\/www.cardinal-creation.com\/at-packaging\/salons\/evenement-termines\/notre-nouveau-socle-identitaire\/"},"author":{"name":"Maxime","@id":"https:\/\/www.cardinal-creation.com\/at-packaging\/#\/schema\/person\/1d755e27c1b89640c6f4daaa0ceb66a8"},"headline":"Salon international Cosmetista","datePublished":"2026-02-23T10:54:18+00:00","dateModified":"2026-04-02T15:19:24+00:00","mainEntityOfPage":{"@id":"https:\/\/www.cardinal-creation.com\/at-packaging\/salons\/evenement-termines\/notre-nouveau-socle-identitaire\/"},"wordCount":52,"publisher":{"@id":"https:\/\/www.cardinal-creation.com\/at-packaging\/#organization"},"image":{"@id":"https:\/\/www.cardinal-creation.com\/at-packaging\/salons\/evenement-termines\/notre-nouveau-socle-identitaire\/#primaryimage"},"thumbnailUrl":"https:\/\/www.cardinal-creation.com\/at-packaging\/wp-content\/uploads\/2023\/01\/Seriplast.jpg","articleSection":["\u00c9v\u00e8nement termin\u00e9s","Venez nous rencontrer sur les salons"],"inLanguage":"fr-FR"},{"@type":"WebPage","@id":"https:\/\/www.cardinal-creation.com\/at-packaging\/salons\/evenement-termines\/notre-nouveau-socle-identitaire\/","url":"https:\/\/www.cardinal-creation.com\/at-packaging\/salons\/evenement-termines\/notre-nouveau-socle-identitaire\/","name":"Salon international Cosmetista - AT Packaging","isPartOf":{"@id":"https:\/\/www.cardinal-creation.com\/at-packaging\/#website"},"primaryImageOfPage":{"@id":"https:\/\/www.cardinal-creation.com\/at-packaging\/salons\/evenement-termines\/notre-nouveau-socle-identitaire\/#primaryimage"},"image":{"@id":"https:\/\/www.cardinal-creation.com\/at-packaging\/salons\/evenement-termines\/notre-nouveau-socle-identitaire\/#primaryimage"},"thumbnailUrl":"https:\/\/www.cardinal-creation.com\/at-packaging\/wp-content\/uploads\/2023\/01\/Seriplast.jpg","datePublished":"2026-02-23T10:54:18+00:00","dateModified":"2026-04-02T15:19:24+00:00","breadcrumb":{"@id":"https:\/\/www.cardinal-creation.com\/at-packaging\/salons\/evenement-termines\/notre-nouveau-socle-identitaire\/#breadcrumb"},"inLanguage":"fr-FR","potentialAction":[{"@type":"ReadAction","target":["https:\/\/www.cardinal-creation.com\/at-packaging\/salons\/evenement-termines\/notre-nouveau-socle-identitaire\/"]}]},{"@type":"ImageObject","inLanguage":"fr-FR","@id":"https:\/\/www.cardinal-creation.com\/at-packaging\/salons\/evenement-termines\/notre-nouveau-socle-identitaire\/#primaryimage","url":"https:\/\/www.cardinal-creation.com\/at-packaging\/wp-content\/uploads\/2023\/01\/Seriplast.jpg","contentUrl":"https:\/\/www.cardinal-creation.com\/at-packaging\/wp-content\/uploads\/2023\/01\/Seriplast.jpg","width":801,"height":800},{"@type":"BreadcrumbList","@id":"https:\/\/www.cardinal-creation.com\/at-packaging\/salons\/evenement-termines\/notre-nouveau-socle-identitaire\/#breadcrumb","itemListElement":[{"@type":"ListItem","position":1,"name":"Accueil","item":"https:\/\/www.cardinal-creation.com\/at-packaging\/"},{"@type":"ListItem","position":2,"name":"Venez nous rencontrer sur les salons","item":"https:\/\/www.cardinal-creation.com\/at-packaging\/categorie\/salons\/"},{"@type":"ListItem","position":3,"name":"\u00c9v\u00e8nement termin\u00e9s","item":"https:\/\/www.cardinal-creation.com\/at-packaging\/categorie\/salons\/evenement-termines\/"},{"@type":"ListItem","position":4,"name":"Salon international Cosmetista"}]},{"@type":"WebSite","@id":"https:\/\/www.cardinal-creation.com\/at-packaging\/#website","url":"https:\/\/www.cardinal-creation.com\/at-packaging\/","name":"AT Packaging","description":"Fabricant et d\u00e9corateur d&#039;emballages thermoplastiques","publisher":{"@id":"https:\/\/www.cardinal-creation.com\/at-packaging\/#organization"},"potentialAction":[{"@type":"SearchAction","target":{"@type":"EntryPoint","urlTemplate":"https:\/\/www.cardinal-creation.com\/at-packaging\/?s={search_term_string}"},"query-input":{"@type":"PropertyValueSpecification","valueRequired":true,"valueName":"search_term_string"}}],"inLanguage":"fr-FR"},{"@type":"Organization","@id":"https:\/\/www.cardinal-creation.com\/at-packaging\/#organization","name":"AT Packaging","url":"https:\/\/www.cardinal-creation.com\/at-packaging\/","logo":{"@type":"ImageObject","inLanguage":"fr-FR","@id":"https:\/\/www.cardinal-creation.com\/at-packaging\/#\/schema\/logo\/image\/","url":"https:\/\/www.cardinal-creation.com\/at-packaging\/wp-content\/uploads\/2023\/01\/AT-Packaging-logo.svg","contentUrl":"https:\/\/www.cardinal-creation.com\/at-packaging\/wp-content\/uploads\/2023\/01\/AT-Packaging-logo.svg","width":198,"height":42,"caption":"AT Packaging"},"image":{"@id":"https:\/\/www.cardinal-creation.com\/at-packaging\/#\/schema\/logo\/image\/"}},{"@type":"Person","@id":"https:\/\/www.cardinal-creation.com\/at-packaging\/#\/schema\/person\/1d755e27c1b89640c6f4daaa0ceb66a8","name":"Maxime","image":{"@type":"ImageObject","inLanguage":"fr-FR","@id":"https:\/\/secure.gravatar.com\/avatar\/f482fd000d5e5ffba6a207c3381cac19a81cd3d2827662d03d3efec5a46f0a57?s=96&d=mm&r=g","url":"https:\/\/secure.gravatar.com\/avatar\/f482fd000d5e5ffba6a207c3381cac19a81cd3d2827662d03d3efec5a46f0a57?s=96&d=mm&r=g","contentUrl":"https:\/\/secure.gravatar.com\/avatar\/f482fd000d5e5ffba6a207c3381cac19a81cd3d2827662d03d3efec5a46f0a57?s=96&d=mm&r=g","caption":"Maxime"},"sameAs":["https:\/\/www.cardinal-creation.com\/at-packaging"],"url":"https:\/\/www.cardinal-creation.com\/at-packaging\/author\/maxime\/"}]}},"_links":{"self":[{"href":"https:\/\/www.cardinal-creation.com\/at-packaging\/wp-json\/wp\/v2\/posts\/308","targetHints":{"allow":["GET"]}}],"collection":[{"href":"https:\/\/www.cardinal-creation.com\/at-packaging\/wp-json\/wp\/v2\/posts"}],"about":[{"href":"https:\/\/www.cardinal-creation.com\/at-packaging\/wp-json\/wp\/v2\/types\/post"}],"author":[{"embeddable":true,"href":"https:\/\/www.cardinal-creation.com\/at-packaging\/wp-json\/wp\/v2\/users\/1"}],"replies":[{"embeddable":true,"href":"https:\/\/www.cardinal-creation.com\/at-packaging\/wp-json\/wp\/v2\/comments?post=308"}],"version-history":[{"count":3,"href":"https:\/\/www.cardinal-creation.com\/at-packaging\/wp-json\/wp\/v2\/posts\/308\/revisions"}],"predecessor-version":[{"id":2466,"href":"https:\/\/www.cardinal-creation.com\/at-packaging\/wp-json\/wp\/v2\/posts\/308\/revisions\/2466"}],"wp:featuredmedia":[{"embeddable":true,"href":"https:\/\/www.cardinal-creation.com\/at-packaging\/wp-json\/wp\/v2\/media\/2475"}],"wp:attachment":[{"href":"https:\/\/www.cardinal-creation.com\/at-packaging\/wp-json\/wp\/v2\/media?parent=308"}],"wp:term":[{"taxonomy":"category","embeddable":true,"href":"https:\/\/www.cardinal-creation.com\/at-packaging\/wp-json\/wp\/v2\/categories?post=308"},{"taxonomy":"post_tag","embeddable":true,"href":"https:\/\/www.cardinal-creation.com\/at-packaging\/wp-json\/wp\/v2\/tags?post=308"}],"curies":[{"name":"wp","href":"https:\/\/api.w.org\/{rel}","templated":true}]}}