{"id":309,"date":"2026-02-23T11:54:26","date_gmt":"2026-02-23T10:54:26","guid":{"rendered":"https:\/\/www.cardinal-creation.com\/at-packaging\/?p=309"},"modified":"2026-04-02T17:19:24","modified_gmt":"2026-04-02T15:19:24","slug":"rencontrons-nous-aux-salons-2026","status":"publish","type":"post","link":"https:\/\/www.cardinal-creation.com\/at-packaging\/salons\/evenement-termines\/rencontrons-nous-aux-salons-2026\/","title":{"rendered":"Salon PCD"},"content":{"rendered":"<p class=\"cvGsUA direction-ltr align-start para-style-body\"><span class=\"a_GcMg font-feature-liga-off font-feature-clig-off font-feature-calt-off text-decoration-none text-strikethrough-none\">\u00c0 l\u2019occasion du salon PCD, rendez-vous incontournable du packaging pour la beaut\u00e9, nous affirmons notre r\u00f4le de partenaire en conception et d\u00e9coration. Nous accompagnons les marques dans la cr\u00e9ation de packagings sur mesure, alliant cr\u00e9ativit\u00e9, technicit\u00e9 et qualit\u00e9 d\u2019ex\u00e9cution.<\/span><\/p>\n<p class=\"cvGsUA direction-ltr align-start para-style-body\"><span class=\"a_GcMg font-feature-liga-off font-feature-clig-off font-feature-calt-off text-decoration-none text-strikethrough-none\">Cet \u00e9v\u00e9nement est l\u2019opportunit\u00e9 pour SERIPLAST de pr\u00e9senter nos savoir-faire, nos derni\u00e8res innovations et d\u2019\u00e9changer autour des enjeux du secteur.<\/span><\/p>\n<p class=\"cvGsUA direction-ltr align-start para-style-body\"><span class=\"a_GcMg font-feature-liga-off font-feature-clig-off font-feature-calt-off text-decoration-none text-strikethrough-none\">Nous sommes ravis de vous accueillir au <\/span><strong><span class=\"a_GcMg font-feature-liga-off font-feature-clig-off font-feature-calt-off text-decoration-none text-strikethrough-none\">stand L90<\/span><\/strong><span class=\"a_GcMg font-feature-liga-off font-feature-clig-off font-feature-calt-off text-decoration-none text-strikethrough-none\">, comme chaque ann\u00e9e depuis 2018.<\/span><\/p>\n","protected":false},"excerpt":{"rendered":"<p>\u00c0 l\u2019occasion du salon PCD, rendez-vous incontournable du packaging pour la beaut\u00e9, nous affirmons notre r\u00f4le de partenaire en conception et d\u00e9coration. Nous accompagnons les marques dans la cr\u00e9ation de packagings sur mesure, alliant cr\u00e9ativit\u00e9, technicit\u00e9 et qualit\u00e9 d\u2019ex\u00e9cution. Cet \u00e9v\u00e9nement est l\u2019opportunit\u00e9 pour SERIPLAST de pr\u00e9senter nos savoir-faire, nos derni\u00e8res innovations et d\u2019\u00e9changer autour [&hellip;]<\/p>\n","protected":false},"author":1,"featured_media":2598,"comment_status":"closed","ping_status":"closed","sticky":false,"template":"","format":"standard","meta":{"_acf_changed":false,"footnotes":""},"categories":[100029,100021],"tags":[],"class_list":["post-309","post","type-post","status-publish","format-standard","has-post-thumbnail","hentry","category-evenement-termines","category-salons"],"acf":[],"yoast_head":"<!-- This site is optimized with the Yoast SEO plugin v27.4 - https:\/\/yoast.com\/product\/yoast-seo-wordpress\/ -->\n<title>Salon PCD - AT Packaging<\/title>\n<meta name=\"robots\" content=\"noindex, follow, max-snippet:-1, max-image-preview:large, max-video-preview:-1\" \/>\n<meta property=\"og:locale\" content=\"fr_FR\" \/>\n<meta property=\"og:type\" content=\"article\" \/>\n<meta property=\"og:title\" content=\"Salon PCD - AT Packaging\" \/>\n<meta property=\"og:description\" content=\"\u00c0 l\u2019occasion du salon PCD, rendez-vous incontournable du packaging pour la beaut\u00e9, nous affirmons notre r\u00f4le de partenaire en conception et d\u00e9coration. Nous accompagnons les marques dans la cr\u00e9ation de packagings sur mesure, alliant cr\u00e9ativit\u00e9, technicit\u00e9 et qualit\u00e9 d\u2019ex\u00e9cution. Cet \u00e9v\u00e9nement est l\u2019opportunit\u00e9 pour SERIPLAST de pr\u00e9senter nos savoir-faire, nos derni\u00e8res innovations et d\u2019\u00e9changer autour [&hellip;]\" \/>\n<meta property=\"og:url\" content=\"https:\/\/www.cardinal-creation.com\/at-packaging\/salons\/evenement-termines\/rencontrons-nous-aux-salons-2026\/\" \/>\n<meta property=\"og:site_name\" content=\"AT Packaging\" \/>\n<meta property=\"article:published_time\" content=\"2026-02-23T10:54:26+00:00\" \/>\n<meta property=\"article:modified_time\" content=\"2026-04-02T15:19:24+00:00\" \/>\n<meta property=\"og:image\" content=\"https:\/\/www.cardinal-creation.com\/at-packaging\/wp-content\/uploads\/2026\/02\/PCD.jpg\" \/>\n\t<meta property=\"og:image:width\" content=\"1600\" \/>\n\t<meta property=\"og:image:height\" content=\"1600\" \/>\n\t<meta property=\"og:image:type\" content=\"image\/jpeg\" \/>\n<meta name=\"author\" content=\"Maxime\" \/>\n<meta name=\"twitter:card\" content=\"summary_large_image\" \/>\n<meta name=\"twitter:label1\" content=\"\u00c9crit par\" \/>\n\t<meta name=\"twitter:data1\" content=\"Maxime\" \/>\n<script type=\"application\/ld+json\" class=\"yoast-schema-graph\">{\"@context\":\"https:\\\/\\\/schema.org\",\"@graph\":[{\"@type\":\"Article\",\"@id\":\"https:\\\/\\\/www.cardinal-creation.com\\\/at-packaging\\\/salons\\\/evenement-termines\\\/rencontrons-nous-aux-salons-2026\\\/#article\",\"isPartOf\":{\"@id\":\"https:\\\/\\\/www.cardinal-creation.com\\\/at-packaging\\\/salons\\\/evenement-termines\\\/rencontrons-nous-aux-salons-2026\\\/\"},\"author\":{\"name\":\"Maxime\",\"@id\":\"https:\\\/\\\/www.cardinal-creation.com\\\/at-packaging\\\/#\\\/schema\\\/person\\\/1d755e27c1b89640c6f4daaa0ceb66a8\"},\"headline\":\"Salon PCD\",\"datePublished\":\"2026-02-23T10:54:26+00:00\",\"dateModified\":\"2026-04-02T15:19:24+00:00\",\"mainEntityOfPage\":{\"@id\":\"https:\\\/\\\/www.cardinal-creation.com\\\/at-packaging\\\/salons\\\/evenement-termines\\\/rencontrons-nous-aux-salons-2026\\\/\"},\"wordCount\":86,\"publisher\":{\"@id\":\"https:\\\/\\\/www.cardinal-creation.com\\\/at-packaging\\\/#organization\"},\"image\":{\"@id\":\"https:\\\/\\\/www.cardinal-creation.com\\\/at-packaging\\\/salons\\\/evenement-termines\\\/rencontrons-nous-aux-salons-2026\\\/#primaryimage\"},\"thumbnailUrl\":\"https:\\\/\\\/www.cardinal-creation.com\\\/at-packaging\\\/wp-content\\\/uploads\\\/2026\\\/02\\\/PCD.jpg\",\"articleSection\":[\"\u00c9v\u00e8nement termin\u00e9s\",\"Venez nous rencontrer sur les salons\"],\"inLanguage\":\"fr-FR\"},{\"@type\":\"WebPage\",\"@id\":\"https:\\\/\\\/www.cardinal-creation.com\\\/at-packaging\\\/salons\\\/evenement-termines\\\/rencontrons-nous-aux-salons-2026\\\/\",\"url\":\"https:\\\/\\\/www.cardinal-creation.com\\\/at-packaging\\\/salons\\\/evenement-termines\\\/rencontrons-nous-aux-salons-2026\\\/\",\"name\":\"Salon PCD - AT Packaging\",\"isPartOf\":{\"@id\":\"https:\\\/\\\/www.cardinal-creation.com\\\/at-packaging\\\/#website\"},\"primaryImageOfPage\":{\"@id\":\"https:\\\/\\\/www.cardinal-creation.com\\\/at-packaging\\\/salons\\\/evenement-termines\\\/rencontrons-nous-aux-salons-2026\\\/#primaryimage\"},\"image\":{\"@id\":\"https:\\\/\\\/www.cardinal-creation.com\\\/at-packaging\\\/salons\\\/evenement-termines\\\/rencontrons-nous-aux-salons-2026\\\/#primaryimage\"},\"thumbnailUrl\":\"https:\\\/\\\/www.cardinal-creation.com\\\/at-packaging\\\/wp-content\\\/uploads\\\/2026\\\/02\\\/PCD.jpg\",\"datePublished\":\"2026-02-23T10:54:26+00:00\",\"dateModified\":\"2026-04-02T15:19:24+00:00\",\"breadcrumb\":{\"@id\":\"https:\\\/\\\/www.cardinal-creation.com\\\/at-packaging\\\/salons\\\/evenement-termines\\\/rencontrons-nous-aux-salons-2026\\\/#breadcrumb\"},\"inLanguage\":\"fr-FR\",\"potentialAction\":[{\"@type\":\"ReadAction\",\"target\":[\"https:\\\/\\\/www.cardinal-creation.com\\\/at-packaging\\\/salons\\\/evenement-termines\\\/rencontrons-nous-aux-salons-2026\\\/\"]}]},{\"@type\":\"ImageObject\",\"inLanguage\":\"fr-FR\",\"@id\":\"https:\\\/\\\/www.cardinal-creation.com\\\/at-packaging\\\/salons\\\/evenement-termines\\\/rencontrons-nous-aux-salons-2026\\\/#primaryimage\",\"url\":\"https:\\\/\\\/www.cardinal-creation.com\\\/at-packaging\\\/wp-content\\\/uploads\\\/2026\\\/02\\\/PCD.jpg\",\"contentUrl\":\"https:\\\/\\\/www.cardinal-creation.com\\\/at-packaging\\\/wp-content\\\/uploads\\\/2026\\\/02\\\/PCD.jpg\",\"width\":1600,\"height\":1600},{\"@type\":\"BreadcrumbList\",\"@id\":\"https:\\\/\\\/www.cardinal-creation.com\\\/at-packaging\\\/salons\\\/evenement-termines\\\/rencontrons-nous-aux-salons-2026\\\/#breadcrumb\",\"itemListElement\":[{\"@type\":\"ListItem\",\"position\":1,\"name\":\"Accueil\",\"item\":\"https:\\\/\\\/www.cardinal-creation.com\\\/at-packaging\\\/\"},{\"@type\":\"ListItem\",\"position\":2,\"name\":\"Venez nous rencontrer sur les salons\",\"item\":\"https:\\\/\\\/www.cardinal-creation.com\\\/at-packaging\\\/categorie\\\/salons\\\/\"},{\"@type\":\"ListItem\",\"position\":3,\"name\":\"\u00c9v\u00e8nement termin\u00e9s\",\"item\":\"https:\\\/\\\/www.cardinal-creation.com\\\/at-packaging\\\/categorie\\\/salons\\\/evenement-termines\\\/\"},{\"@type\":\"ListItem\",\"position\":4,\"name\":\"Salon PCD\"}]},{\"@type\":\"WebSite\",\"@id\":\"https:\\\/\\\/www.cardinal-creation.com\\\/at-packaging\\\/#website\",\"url\":\"https:\\\/\\\/www.cardinal-creation.com\\\/at-packaging\\\/\",\"name\":\"AT Packaging\",\"description\":\"Fabricant et d\u00e9corateur d&#039;emballages thermoplastiques\",\"publisher\":{\"@id\":\"https:\\\/\\\/www.cardinal-creation.com\\\/at-packaging\\\/#organization\"},\"potentialAction\":[{\"@type\":\"SearchAction\",\"target\":{\"@type\":\"EntryPoint\",\"urlTemplate\":\"https:\\\/\\\/www.cardinal-creation.com\\\/at-packaging\\\/?s={search_term_string}\"},\"query-input\":{\"@type\":\"PropertyValueSpecification\",\"valueRequired\":true,\"valueName\":\"search_term_string\"}}],\"inLanguage\":\"fr-FR\"},{\"@type\":\"Organization\",\"@id\":\"https:\\\/\\\/www.cardinal-creation.com\\\/at-packaging\\\/#organization\",\"name\":\"AT Packaging\",\"url\":\"https:\\\/\\\/www.cardinal-creation.com\\\/at-packaging\\\/\",\"logo\":{\"@type\":\"ImageObject\",\"inLanguage\":\"fr-FR\",\"@id\":\"https:\\\/\\\/www.cardinal-creation.com\\\/at-packaging\\\/#\\\/schema\\\/logo\\\/image\\\/\",\"url\":\"https:\\\/\\\/www.cardinal-creation.com\\\/at-packaging\\\/wp-content\\\/uploads\\\/2023\\\/01\\\/AT-Packaging-logo.svg\",\"contentUrl\":\"https:\\\/\\\/www.cardinal-creation.com\\\/at-packaging\\\/wp-content\\\/uploads\\\/2023\\\/01\\\/AT-Packaging-logo.svg\",\"width\":198,\"height\":42,\"caption\":\"AT Packaging\"},\"image\":{\"@id\":\"https:\\\/\\\/www.cardinal-creation.com\\\/at-packaging\\\/#\\\/schema\\\/logo\\\/image\\\/\"}},{\"@type\":\"Person\",\"@id\":\"https:\\\/\\\/www.cardinal-creation.com\\\/at-packaging\\\/#\\\/schema\\\/person\\\/1d755e27c1b89640c6f4daaa0ceb66a8\",\"name\":\"Maxime\",\"image\":{\"@type\":\"ImageObject\",\"inLanguage\":\"fr-FR\",\"@id\":\"https:\\\/\\\/secure.gravatar.com\\\/avatar\\\/f482fd000d5e5ffba6a207c3381cac19a81cd3d2827662d03d3efec5a46f0a57?s=96&d=mm&r=g\",\"url\":\"https:\\\/\\\/secure.gravatar.com\\\/avatar\\\/f482fd000d5e5ffba6a207c3381cac19a81cd3d2827662d03d3efec5a46f0a57?s=96&d=mm&r=g\",\"contentUrl\":\"https:\\\/\\\/secure.gravatar.com\\\/avatar\\\/f482fd000d5e5ffba6a207c3381cac19a81cd3d2827662d03d3efec5a46f0a57?s=96&d=mm&r=g\",\"caption\":\"Maxime\"},\"sameAs\":[\"https:\\\/\\\/www.cardinal-creation.com\\\/at-packaging\"],\"url\":\"https:\\\/\\\/www.cardinal-creation.com\\\/at-packaging\\\/author\\\/maxime\\\/\"}]}<\/script>\n<!-- \/ Yoast SEO plugin. -->","yoast_head_json":{"title":"Salon PCD - AT Packaging","robots":{"index":"noindex","follow":"follow","max-snippet":"max-snippet:-1","max-image-preview":"max-image-preview:large","max-video-preview":"max-video-preview:-1"},"og_locale":"fr_FR","og_type":"article","og_title":"Salon PCD - AT Packaging","og_description":"\u00c0 l\u2019occasion du salon PCD, rendez-vous incontournable du packaging pour la beaut\u00e9, nous affirmons notre r\u00f4le de partenaire en conception et d\u00e9coration. Nous accompagnons les marques dans la cr\u00e9ation de packagings sur mesure, alliant cr\u00e9ativit\u00e9, technicit\u00e9 et qualit\u00e9 d\u2019ex\u00e9cution. Cet \u00e9v\u00e9nement est l\u2019opportunit\u00e9 pour SERIPLAST de pr\u00e9senter nos savoir-faire, nos derni\u00e8res innovations et d\u2019\u00e9changer autour [&hellip;]","og_url":"https:\/\/www.cardinal-creation.com\/at-packaging\/salons\/evenement-termines\/rencontrons-nous-aux-salons-2026\/","og_site_name":"AT Packaging","article_published_time":"2026-02-23T10:54:26+00:00","article_modified_time":"2026-04-02T15:19:24+00:00","og_image":[{"width":1600,"height":1600,"url":"https:\/\/www.cardinal-creation.com\/at-packaging\/wp-content\/uploads\/2026\/02\/PCD.jpg","type":"image\/jpeg"}],"author":"Maxime","twitter_card":"summary_large_image","twitter_misc":{"\u00c9crit par":"Maxime"},"schema":{"@context":"https:\/\/schema.org","@graph":[{"@type":"Article","@id":"https:\/\/www.cardinal-creation.com\/at-packaging\/salons\/evenement-termines\/rencontrons-nous-aux-salons-2026\/#article","isPartOf":{"@id":"https:\/\/www.cardinal-creation.com\/at-packaging\/salons\/evenement-termines\/rencontrons-nous-aux-salons-2026\/"},"author":{"name":"Maxime","@id":"https:\/\/www.cardinal-creation.com\/at-packaging\/#\/schema\/person\/1d755e27c1b89640c6f4daaa0ceb66a8"},"headline":"Salon PCD","datePublished":"2026-02-23T10:54:26+00:00","dateModified":"2026-04-02T15:19:24+00:00","mainEntityOfPage":{"@id":"https:\/\/www.cardinal-creation.com\/at-packaging\/salons\/evenement-termines\/rencontrons-nous-aux-salons-2026\/"},"wordCount":86,"publisher":{"@id":"https:\/\/www.cardinal-creation.com\/at-packaging\/#organization"},"image":{"@id":"https:\/\/www.cardinal-creation.com\/at-packaging\/salons\/evenement-termines\/rencontrons-nous-aux-salons-2026\/#primaryimage"},"thumbnailUrl":"https:\/\/www.cardinal-creation.com\/at-packaging\/wp-content\/uploads\/2026\/02\/PCD.jpg","articleSection":["\u00c9v\u00e8nement termin\u00e9s","Venez nous rencontrer sur les salons"],"inLanguage":"fr-FR"},{"@type":"WebPage","@id":"https:\/\/www.cardinal-creation.com\/at-packaging\/salons\/evenement-termines\/rencontrons-nous-aux-salons-2026\/","url":"https:\/\/www.cardinal-creation.com\/at-packaging\/salons\/evenement-termines\/rencontrons-nous-aux-salons-2026\/","name":"Salon PCD - AT Packaging","isPartOf":{"@id":"https:\/\/www.cardinal-creation.com\/at-packaging\/#website"},"primaryImageOfPage":{"@id":"https:\/\/www.cardinal-creation.com\/at-packaging\/salons\/evenement-termines\/rencontrons-nous-aux-salons-2026\/#primaryimage"},"image":{"@id":"https:\/\/www.cardinal-creation.com\/at-packaging\/salons\/evenement-termines\/rencontrons-nous-aux-salons-2026\/#primaryimage"},"thumbnailUrl":"https:\/\/www.cardinal-creation.com\/at-packaging\/wp-content\/uploads\/2026\/02\/PCD.jpg","datePublished":"2026-02-23T10:54:26+00:00","dateModified":"2026-04-02T15:19:24+00:00","breadcrumb":{"@id":"https:\/\/www.cardinal-creation.com\/at-packaging\/salons\/evenement-termines\/rencontrons-nous-aux-salons-2026\/#breadcrumb"},"inLanguage":"fr-FR","potentialAction":[{"@type":"ReadAction","target":["https:\/\/www.cardinal-creation.com\/at-packaging\/salons\/evenement-termines\/rencontrons-nous-aux-salons-2026\/"]}]},{"@type":"ImageObject","inLanguage":"fr-FR","@id":"https:\/\/www.cardinal-creation.com\/at-packaging\/salons\/evenement-termines\/rencontrons-nous-aux-salons-2026\/#primaryimage","url":"https:\/\/www.cardinal-creation.com\/at-packaging\/wp-content\/uploads\/2026\/02\/PCD.jpg","contentUrl":"https:\/\/www.cardinal-creation.com\/at-packaging\/wp-content\/uploads\/2026\/02\/PCD.jpg","width":1600,"height":1600},{"@type":"BreadcrumbList","@id":"https:\/\/www.cardinal-creation.com\/at-packaging\/salons\/evenement-termines\/rencontrons-nous-aux-salons-2026\/#breadcrumb","itemListElement":[{"@type":"ListItem","position":1,"name":"Accueil","item":"https:\/\/www.cardinal-creation.com\/at-packaging\/"},{"@type":"ListItem","position":2,"name":"Venez nous rencontrer sur les salons","item":"https:\/\/www.cardinal-creation.com\/at-packaging\/categorie\/salons\/"},{"@type":"ListItem","position":3,"name":"\u00c9v\u00e8nement termin\u00e9s","item":"https:\/\/www.cardinal-creation.com\/at-packaging\/categorie\/salons\/evenement-termines\/"},{"@type":"ListItem","position":4,"name":"Salon PCD"}]},{"@type":"WebSite","@id":"https:\/\/www.cardinal-creation.com\/at-packaging\/#website","url":"https:\/\/www.cardinal-creation.com\/at-packaging\/","name":"AT Packaging","description":"Fabricant et d\u00e9corateur d&#039;emballages thermoplastiques","publisher":{"@id":"https:\/\/www.cardinal-creation.com\/at-packaging\/#organization"},"potentialAction":[{"@type":"SearchAction","target":{"@type":"EntryPoint","urlTemplate":"https:\/\/www.cardinal-creation.com\/at-packaging\/?s={search_term_string}"},"query-input":{"@type":"PropertyValueSpecification","valueRequired":true,"valueName":"search_term_string"}}],"inLanguage":"fr-FR"},{"@type":"Organization","@id":"https:\/\/www.cardinal-creation.com\/at-packaging\/#organization","name":"AT Packaging","url":"https:\/\/www.cardinal-creation.com\/at-packaging\/","logo":{"@type":"ImageObject","inLanguage":"fr-FR","@id":"https:\/\/www.cardinal-creation.com\/at-packaging\/#\/schema\/logo\/image\/","url":"https:\/\/www.cardinal-creation.com\/at-packaging\/wp-content\/uploads\/2023\/01\/AT-Packaging-logo.svg","contentUrl":"https:\/\/www.cardinal-creation.com\/at-packaging\/wp-content\/uploads\/2023\/01\/AT-Packaging-logo.svg","width":198,"height":42,"caption":"AT Packaging"},"image":{"@id":"https:\/\/www.cardinal-creation.com\/at-packaging\/#\/schema\/logo\/image\/"}},{"@type":"Person","@id":"https:\/\/www.cardinal-creation.com\/at-packaging\/#\/schema\/person\/1d755e27c1b89640c6f4daaa0ceb66a8","name":"Maxime","image":{"@type":"ImageObject","inLanguage":"fr-FR","@id":"https:\/\/secure.gravatar.com\/avatar\/f482fd000d5e5ffba6a207c3381cac19a81cd3d2827662d03d3efec5a46f0a57?s=96&d=mm&r=g","url":"https:\/\/secure.gravatar.com\/avatar\/f482fd000d5e5ffba6a207c3381cac19a81cd3d2827662d03d3efec5a46f0a57?s=96&d=mm&r=g","contentUrl":"https:\/\/secure.gravatar.com\/avatar\/f482fd000d5e5ffba6a207c3381cac19a81cd3d2827662d03d3efec5a46f0a57?s=96&d=mm&r=g","caption":"Maxime"},"sameAs":["https:\/\/www.cardinal-creation.com\/at-packaging"],"url":"https:\/\/www.cardinal-creation.com\/at-packaging\/author\/maxime\/"}]}},"_links":{"self":[{"href":"https:\/\/www.cardinal-creation.com\/at-packaging\/wp-json\/wp\/v2\/posts\/309","targetHints":{"allow":["GET"]}}],"collection":[{"href":"https:\/\/www.cardinal-creation.com\/at-packaging\/wp-json\/wp\/v2\/posts"}],"about":[{"href":"https:\/\/www.cardinal-creation.com\/at-packaging\/wp-json\/wp\/v2\/types\/post"}],"author":[{"embeddable":true,"href":"https:\/\/www.cardinal-creation.com\/at-packaging\/wp-json\/wp\/v2\/users\/1"}],"replies":[{"embeddable":true,"href":"https:\/\/www.cardinal-creation.com\/at-packaging\/wp-json\/wp\/v2\/comments?post=309"}],"version-history":[{"count":7,"href":"https:\/\/www.cardinal-creation.com\/at-packaging\/wp-json\/wp\/v2\/posts\/309\/revisions"}],"predecessor-version":[{"id":2465,"href":"https:\/\/www.cardinal-creation.com\/at-packaging\/wp-json\/wp\/v2\/posts\/309\/revisions\/2465"}],"wp:featuredmedia":[{"embeddable":true,"href":"https:\/\/www.cardinal-creation.com\/at-packaging\/wp-json\/wp\/v2\/media\/2598"}],"wp:attachment":[{"href":"https:\/\/www.cardinal-creation.com\/at-packaging\/wp-json\/wp\/v2\/media?parent=309"}],"wp:term":[{"taxonomy":"category","embeddable":true,"href":"https:\/\/www.cardinal-creation.com\/at-packaging\/wp-json\/wp\/v2\/categories?post=309"},{"taxonomy":"post_tag","embeddable":true,"href":"https:\/\/www.cardinal-creation.com\/at-packaging\/wp-json\/wp\/v2\/tags?post=309"}],"curies":[{"name":"wp","href":"https:\/\/api.w.org\/{rel}","templated":true}]}}